{"id":102,"date":"2020-02-04T19:53:46","date_gmt":"2020-02-04T19:53:46","guid":{"rendered":"https:\/\/clientesinterativa.com.br\/003\/erickpereira\/novo\/?post_type=article&#038;p=102"},"modified":"2020-02-06T20:49:18","modified_gmt":"2020-02-06T20:49:18","slug":"a-condescendencia-estimula-o-terror","status":"publish","type":"article","link":"https:\/\/erickpereira.com\/index.php\/article\/a-condescendencia-estimula-o-terror\/","title":{"rendered":"A condescend\u00eancia estimula o terror"},"content":{"rendered":"\n<p>Por&nbsp;<strong>Emmanoel Campelo S. Pereira<\/strong><\/p>\n\n\n\n<p>Se um dia dormimos com os odiosos ataques do PCC &#8211; exterminando inocentes agentes da seguran\u00e7a p\u00fablica, e, mais que isso, ferindo a credibilidade e confian\u00e7a que temos nas institui\u00e7\u00f5es &#8211; no outro, acordamos com o Congresso Nacional sendo vilipendiado e depredado pelo MLST, um movimento at\u00e9 agora desconhecido, mas \u00e0 sombra do poder. Pouco importa saber o significado literal dessas siglas, pois ele j\u00e1 est\u00e1 incutido em nossas mentes: terror.<br><br>Muitos se perguntam o que separa uma organiza\u00e7\u00e3o criminosa de um grupo terrorista. Aqui, vale um esclarecimento &#8211; basta que observemos o objetivo das a\u00e7\u00f5es. A organiza\u00e7\u00e3o criminosa visa lucratividade atrav\u00e9s do cometimento de crimes; o grupo terrorista mira a instabilidade e a propaga\u00e7\u00e3o do medo. \u00c9 o caso do \u00faltimo praticar um atentado na porta de um banco, sem levar um centavo. Assim, temos o PCC como o bra\u00e7o armado do tr\u00e1fico de drogas, e o MLST como o do MST.&nbsp;<br><br>N\u00e3o se pode dizer que a invas\u00e3o do Congresso se constitui acontecimento surpreendente e inesperado. H\u00e1 tempos, \u00e9 trag\u00e9dia anunciada. Primeiro, o MST invadiu fazendas improdutivas; depois, passou a faz\u00ea-lo em fazendas produtivas e sedes do INCRA. N\u00e3o satisfeito, ocupou o Minist\u00e9rio da Fazenda no ano passado e, mais recentemente, depredou um centro de pesquisas agr\u00edcolas. Aqui, no Estado, ocupou a estrutura predial da Escola Agr\u00edcola de Jundia\u00ed, havendo de l\u00e1 expulsado cooperativas. Pouco se fez para mostrar ao movimento e \u00e0 popula\u00e7\u00e3o, a diferen\u00e7a entre ato leg\u00edtimo de protesto e a\u00e7\u00e3o criminosa. Principalmente se considerarmos que tal movimento, assim como o MLST, recebe espantosos subs\u00eddios do Governo Federal.<br><br>\u00c9 bem verdade que, nos \u00faltimos meses, presenciamos outras formas de viol\u00eancia contra as institui\u00e7\u00f5es. Vimos esquemas escandalosos de corrup\u00e7\u00e3o, uma maioria est\u00e9ril de CPIs, acusados de corrup\u00e7\u00e3o absolvidos, o congresso como palco de uma bizarra dan\u00e7a comemorativa da impunidade, e, enquanto o resto da na\u00e7\u00e3o lamentava e se indignava, o nosso presidente dizia nada saber e nada ver. Todo esse caldo pode at\u00e9 gerar uma atmosfera de des\u00e2nimo e descr\u00e9dito, mas \u00e9 inaceit\u00e1vel que o governo se curve a grupos terroristas, preste-se ao di\u00e1logo e \u00e0s negocia\u00e7\u00f5es. \u00c9 inconceb\u00edvel que as reivindica\u00e7\u00f5es e chantagens do PCC, que demandam regalias que certos criminosos encarcerados jamais devem possuir, sejam aceitas, como o foram. Agora, estamos a assistir outros grupos que se acham no direito de atacar a casa maior dos representantes do povo, deixando um saldo de v\u00edtimas, depreda\u00e7\u00f5es, humilha\u00e7\u00e3o e impot\u00eancia.<br><br>Por todo o Brasil \u00e9 poss\u00edvel ouvir gritos de inconformismo contra o \u00faltimo ato perpetrado pelo MLST. A presidenta do Supremo Tribunal Federal, em nota oficial, asseverou que &#8220;&#8230; \u00e9 preciso preservar o respeito \u00e0s Institui\u00e7\u00f5es e encaminhar as reivindica\u00e7\u00f5es dentro das regras democr\u00e1ticas&#8221;. A OAB Federal igualmente demonstrou sua indigna\u00e7\u00e3o. Resta-nos esperar que os culpados sejam de fato responsabilizados. A luta pelo fortalecimento das institui\u00e7\u00f5es \u00e9 imprescind\u00edvel ao Estado Democr\u00e1tico de Direito. Da\u00ed a necessidade de um governo que se comprometa em manter a ordem p\u00fablica e a paz social, imprescind\u00edveis \u00e0 constru\u00e7\u00e3o de uma sociedade livre, justa e solid\u00e1ria, pois esta \u00e9 a pr\u00f3pria raz\u00e3o de ser do Estado.&nbsp;<br><br>Ao contr\u00e1rio do que muitos podem pensar, n\u00e3o precisamos de um Estado violento, que imponha respeito atrav\u00e9s da for\u00e7a e do medo. Muito menos que incorra nas mesmas t\u00e9cnicas dos grupos terroristas, a exemplo do que recentemente sucedeu em S\u00e3o Paulo. Mas, se n\u00e3o queremos de nenhuma forma a volta de um &#8220;Leviatan&#8221;, tampouco desejamos um Estado que caia na m\u00e1xima de Baltasar Graci\u00e1n: a de ser t\u00e3o condescendente, que os outros se sintam no direito de perpetrar-lhe o mal.<br><br><em>(Publicado no Jornal de Hoje em 14\/06\/2006)<\/em><\/p>\n","protected":false},"featured_media":0,"parent":0,"template":"","class_list":["post-102","article","type-article","status-publish","hentry"],"acf":[],"yoast_head":"<!-- This site is optimized with the Yoast SEO plugin v27.4 - https:\/\/yoast.com\/product\/yoast-seo-wordpress\/ -->\n<title>A condescend\u00eancia estimula o terror - Erick Pereira Advogados<\/title>\n<meta name=\"robots\" content=\"index, follow, max-snippet:-1, max-image-preview:large, max-video-preview:-1\" \/>\n<link rel=\"canonical\" href=\"https:\/\/erickpereira.com\/index.php\/article\/a-condescendencia-estimula-o-terror\/\" \/>\n<meta property=\"og:locale\" content=\"pt_BR\" \/>\n<meta property=\"og:type\" content=\"article\" \/>\n<meta property=\"og:title\" content=\"A condescend\u00eancia estimula o terror - Erick Pereira Advogados\" \/>\n<meta property=\"og:description\" content=\"Por&nbsp;Emmanoel Campelo S. Pereira Se um dia dormimos com os odiosos ataques do PCC &#8211; exterminando inocentes agentes da seguran\u00e7a p\u00fablica, e, mais que isso, ferindo a credibilidade e confian\u00e7a que temos nas institui\u00e7\u00f5es &#8211; no outro, acordamos com o Congresso Nacional sendo vilipendiado e depredado pelo MLST, um movimento at\u00e9 agora desconhecido, mas \u00e0 [&hellip;]\" \/>\n<meta property=\"og:url\" content=\"https:\/\/erickpereira.com\/index.php\/article\/a-condescendencia-estimula-o-terror\/\" \/>\n<meta property=\"og:site_name\" content=\"Erick Pereira Advogados\" \/>\n<meta property=\"article:modified_time\" content=\"2020-02-06T20:49:18+00:00\" \/>\n<meta name=\"twitter:card\" content=\"summary_large_image\" \/>\n<meta name=\"twitter:label1\" content=\"Est. tempo de leitura\" \/>\n\t<meta name=\"twitter:data1\" content=\"3 minutos\" \/>\n<script type=\"application\/ld+json\" class=\"yoast-schema-graph\">{\"@context\":\"https:\\\/\\\/schema.org\",\"@graph\":[{\"@type\":\"WebPage\",\"@id\":\"https:\\\/\\\/erickpereira.com\\\/index.php\\\/article\\\/a-condescendencia-estimula-o-terror\\\/\",\"url\":\"https:\\\/\\\/erickpereira.com\\\/index.php\\\/article\\\/a-condescendencia-estimula-o-terror\\\/\",\"name\":\"A condescend\u00eancia estimula o terror - Erick Pereira Advogados\",\"isPartOf\":{\"@id\":\"https:\\\/\\\/erickpereira.com\\\/#website\"},\"datePublished\":\"2020-02-04T19:53:46+00:00\",\"dateModified\":\"2020-02-06T20:49:18+00:00\",\"breadcrumb\":{\"@id\":\"https:\\\/\\\/erickpereira.com\\\/index.php\\\/article\\\/a-condescendencia-estimula-o-terror\\\/#breadcrumb\"},\"inLanguage\":\"pt-BR\",\"potentialAction\":[{\"@type\":\"ReadAction\",\"target\":[\"https:\\\/\\\/erickpereira.com\\\/index.php\\\/article\\\/a-condescendencia-estimula-o-terror\\\/\"]}]},{\"@type\":\"BreadcrumbList\",\"@id\":\"https:\\\/\\\/erickpereira.com\\\/index.php\\\/article\\\/a-condescendencia-estimula-o-terror\\\/#breadcrumb\",\"itemListElement\":[{\"@type\":\"ListItem\",\"position\":1,\"name\":\"In\u00edcio\",\"item\":\"https:\\\/\\\/erickpereira.com\\\/\"},{\"@type\":\"ListItem\",\"position\":2,\"name\":\"Artigos\",\"item\":\"https:\\\/\\\/erickpereira.com\\\/index.php\\\/article\\\/\"},{\"@type\":\"ListItem\",\"position\":3,\"name\":\"A condescend\u00eancia estimula o terror\"}]},{\"@type\":\"WebSite\",\"@id\":\"https:\\\/\\\/erickpereira.com\\\/#website\",\"url\":\"https:\\\/\\\/erickpereira.com\\\/\",\"name\":\"Erick Pereira Advogados\",\"description\":\"Escrit\u00f3rio de Advocacia em Natal, Bras\u00edlia e S\u00e3o Paulo com s\u00f3lida reputa\u00e7\u00e3o em Direito Administrativo, Eleitoral, Penal e Trabalhista.\",\"potentialAction\":[{\"@type\":\"SearchAction\",\"target\":{\"@type\":\"EntryPoint\",\"urlTemplate\":\"https:\\\/\\\/erickpereira.com\\\/?s={search_term_string}\"},\"query-input\":{\"@type\":\"PropertyValueSpecification\",\"valueRequired\":true,\"valueName\":\"search_term_string\"}}],\"inLanguage\":\"pt-BR\"}]}<\/script>\n<!-- \/ Yoast SEO plugin. -->","yoast_head_json":{"title":"A condescend\u00eancia estimula o terror - Erick Pereira Advogados","robots":{"index":"index","follow":"follow","max-snippet":"max-snippet:-1","max-image-preview":"max-image-preview:large","max-video-preview":"max-video-preview:-1"},"canonical":"https:\/\/erickpereira.com\/index.php\/article\/a-condescendencia-estimula-o-terror\/","og_locale":"pt_BR","og_type":"article","og_title":"A condescend\u00eancia estimula o terror - Erick Pereira Advogados","og_description":"Por&nbsp;Emmanoel Campelo S. Pereira Se um dia dormimos com os odiosos ataques do PCC &#8211; exterminando inocentes agentes da seguran\u00e7a p\u00fablica, e, mais que isso, ferindo a credibilidade e confian\u00e7a que temos nas institui\u00e7\u00f5es &#8211; no outro, acordamos com o Congresso Nacional sendo vilipendiado e depredado pelo MLST, um movimento at\u00e9 agora desconhecido, mas \u00e0 [&hellip;]","og_url":"https:\/\/erickpereira.com\/index.php\/article\/a-condescendencia-estimula-o-terror\/","og_site_name":"Erick Pereira Advogados","article_modified_time":"2020-02-06T20:49:18+00:00","twitter_card":"summary_large_image","twitter_misc":{"Est. tempo de leitura":"3 minutos"},"schema":{"@context":"https:\/\/schema.org","@graph":[{"@type":"WebPage","@id":"https:\/\/erickpereira.com\/index.php\/article\/a-condescendencia-estimula-o-terror\/","url":"https:\/\/erickpereira.com\/index.php\/article\/a-condescendencia-estimula-o-terror\/","name":"A condescend\u00eancia estimula o terror - Erick Pereira Advogados","isPartOf":{"@id":"https:\/\/erickpereira.com\/#website"},"datePublished":"2020-02-04T19:53:46+00:00","dateModified":"2020-02-06T20:49:18+00:00","breadcrumb":{"@id":"https:\/\/erickpereira.com\/index.php\/article\/a-condescendencia-estimula-o-terror\/#breadcrumb"},"inLanguage":"pt-BR","potentialAction":[{"@type":"ReadAction","target":["https:\/\/erickpereira.com\/index.php\/article\/a-condescendencia-estimula-o-terror\/"]}]},{"@type":"BreadcrumbList","@id":"https:\/\/erickpereira.com\/index.php\/article\/a-condescendencia-estimula-o-terror\/#breadcrumb","itemListElement":[{"@type":"ListItem","position":1,"name":"In\u00edcio","item":"https:\/\/erickpereira.com\/"},{"@type":"ListItem","position":2,"name":"Artigos","item":"https:\/\/erickpereira.com\/index.php\/article\/"},{"@type":"ListItem","position":3,"name":"A condescend\u00eancia estimula o terror"}]},{"@type":"WebSite","@id":"https:\/\/erickpereira.com\/#website","url":"https:\/\/erickpereira.com\/","name":"Erick Pereira Advogados","description":"Escrit\u00f3rio de Advocacia em Natal, Bras\u00edlia e S\u00e3o Paulo com s\u00f3lida reputa\u00e7\u00e3o em Direito Administrativo, Eleitoral, Penal e Trabalhista.","potentialAction":[{"@type":"SearchAction","target":{"@type":"EntryPoint","urlTemplate":"https:\/\/erickpereira.com\/?s={search_term_string}"},"query-input":{"@type":"PropertyValueSpecification","valueRequired":true,"valueName":"search_term_string"}}],"inLanguage":"pt-BR"}]}},"_links":{"self":[{"href":"https:\/\/erickpereira.com\/index.php\/wp-json\/wp\/v2\/article\/102","targetHints":{"allow":["GET"]}}],"collection":[{"href":"https:\/\/erickpereira.com\/index.php\/wp-json\/wp\/v2\/article"}],"about":[{"href":"https:\/\/erickpereira.com\/index.php\/wp-json\/wp\/v2\/types\/article"}],"wp:attachment":[{"href":"https:\/\/erickpereira.com\/index.php\/wp-json\/wp\/v2\/media?parent=102"}],"curies":[{"name":"wp","href":"https:\/\/api.w.org\/{rel}","templated":true}]}}