{"id":218,"date":"2020-02-05T20:49:46","date_gmt":"2020-02-05T20:49:46","guid":{"rendered":"https:\/\/clientesinterativa.com.br\/003\/erickpereira\/novo\/?post_type=news&#038;p=218"},"modified":"2020-04-08T14:00:41","modified_gmt":"2020-04-08T14:00:41","slug":"cobranca-de-juros-de-carencia-em-contrato-bancario-e-abusiva","status":"publish","type":"news","link":"https:\/\/erickpereira.com\/index.php\/news\/cobranca-de-juros-de-carencia-em-contrato-bancario-e-abusiva\/","title":{"rendered":"Cobran\u00e7a de juros de car\u00eancia em contrato banc\u00e1rio \u00e9 abusiva"},"content":{"rendered":"\n<p><strong>29 de novembro de 2019 &#8211; Not\u00edcias &#8211; Autor: Migalhas<\/strong><\/p>\n\n\n\n<p>O TJ\/MA julgou improcedente apela\u00e7\u00e3o do Banco do Brasil contra senten\u00e7a em a\u00e7\u00e3o consumerista por cobran\u00e7a indevida de juros de car\u00eancia em contrato banc\u00e1rio.<\/p>\n\n\n\n<p>O ju\u00edzo da comarca de Imperatriz acolheu os pedidos de indeniza\u00e7\u00e3o por danos morais, declara\u00e7\u00e3o de nulidade de cobran\u00e7a espec\u00edfica, e repeti\u00e7\u00e3o de ind\u00e9bito.<\/p>\n\n\n\n<p>A entidade banc\u00e1ria afirmou nas raz\u00f5es recursais que juros de car\u00eancia \u201creferem-se \u00e0queles cobrados no per\u00edodo compreendido entre a data da libera\u00e7\u00e3o do cr\u00e9dito e o pagamento da primeira parcela do empr\u00e9stimo banc\u00e1rio\u201d.<\/p>\n\n\n\n<p>No julgamento da apela\u00e7\u00e3o, o desembargador Kleber Costa Carvalho, relator, anotou que o caso reflete hip\u00f3tese de cobran\u00e7a indevida h\u00e1 muito identificada e combatida pelo STJ por interm\u00e9dio de mais de um recurso especial julgado sob a sistem\u00e1tica de recurso repetitivo&nbsp;(REsp 1.639.259, REsp 1.639.320 e REsp 1.578.553).<\/p>\n\n\n\n<p>\u201c<em><strong>Tal acr\u00e9scimo n\u00e3o est\u00e1 acompanhado de nenhum servi\u00e7o<\/strong>&nbsp;a cargo da entidade banc\u00e1ria, ou por terceiros sob sua responsabilidade, e&nbsp;<strong>nem encontra guarida em autoriza\u00e7\u00e3o expressa de resolu\u00e7\u00e3o do BANCEN<\/strong>, logo, n\u00e3o sendo justificativa apta, sen\u00e3o&nbsp;<strong>clara demonstra\u00e7\u00e3o de abuso<\/strong>, t\u00e3o somente a liberdade econ\u00f4mica do contrato<\/em>.\u201d<\/p>\n\n\n\n<p>Dessa forma, monocraticamente, manteve a senten\u00e7a.<\/p>\n\n\n\n<ul class=\"wp-block-list\"><li>Processo: 0802528-68.2018.8.10.0040<\/li><\/ul>\n","protected":false},"featured_media":259,"parent":0,"template":"","class_list":["post-218","news","type-news","status-publish","has-post-thumbnail","hentry"],"acf":[],"yoast_head":"<!-- This site is optimized with the Yoast SEO plugin v27.5 - https:\/\/yoast.com\/product\/yoast-seo-wordpress\/ -->\n<title>Cobran\u00e7a de juros de car\u00eancia em contrato banc\u00e1rio \u00e9 abusiva - Erick Pereira Advogados<\/title>\n<meta name=\"robots\" content=\"index, follow, max-snippet:-1, max-image-preview:large, max-video-preview:-1\" \/>\n<link rel=\"canonical\" href=\"https:\/\/erickpereira.com\/index.php\/news\/cobranca-de-juros-de-carencia-em-contrato-bancario-e-abusiva\/\" \/>\n<meta property=\"og:locale\" content=\"pt_BR\" \/>\n<meta property=\"og:type\" content=\"article\" \/>\n<meta property=\"og:title\" content=\"Cobran\u00e7a de juros de car\u00eancia em contrato banc\u00e1rio \u00e9 abusiva - Erick Pereira Advogados\" \/>\n<meta property=\"og:description\" content=\"29 de novembro de 2019 &#8211; Not\u00edcias &#8211; Autor: Migalhas O TJ\/MA julgou improcedente apela\u00e7\u00e3o do Banco do Brasil contra senten\u00e7a em a\u00e7\u00e3o consumerista por cobran\u00e7a indevida de juros de car\u00eancia em contrato banc\u00e1rio. O ju\u00edzo da comarca de Imperatriz acolheu os pedidos de indeniza\u00e7\u00e3o por danos morais, declara\u00e7\u00e3o de nulidade de cobran\u00e7a espec\u00edfica, e [&hellip;]\" \/>\n<meta property=\"og:url\" content=\"https:\/\/erickpereira.com\/index.php\/news\/cobranca-de-juros-de-carencia-em-contrato-bancario-e-abusiva\/\" \/>\n<meta property=\"og:site_name\" content=\"Erick Pereira Advogados\" \/>\n<meta property=\"article:modified_time\" content=\"2020-04-08T14:00:41+00:00\" \/>\n<meta property=\"og:image\" content=\"https:\/\/erickpereira.com\/wp-content\/uploads\/2020\/02\/Cobran\u00e7a-de-juros-de-carencia-em-contrato-bancario-e-abusiva.jpg\" \/>\n\t<meta property=\"og:image:width\" content=\"640\" \/>\n\t<meta property=\"og:image:height\" content=\"426\" \/>\n\t<meta property=\"og:image:type\" content=\"image\/jpeg\" \/>\n<meta name=\"twitter:card\" content=\"summary_large_image\" \/>\n<meta name=\"twitter:label1\" content=\"Est. tempo de leitura\" \/>\n\t<meta name=\"twitter:data1\" content=\"1 minuto\" \/>\n<script type=\"application\/ld+json\" class=\"yoast-schema-graph\">{\"@context\":\"https:\\\/\\\/schema.org\",\"@graph\":[{\"@type\":\"WebPage\",\"@id\":\"https:\\\/\\\/erickpereira.com\\\/index.php\\\/news\\\/cobranca-de-juros-de-carencia-em-contrato-bancario-e-abusiva\\\/\",\"url\":\"https:\\\/\\\/erickpereira.com\\\/index.php\\\/news\\\/cobranca-de-juros-de-carencia-em-contrato-bancario-e-abusiva\\\/\",\"name\":\"Cobran\u00e7a de juros de car\u00eancia em contrato banc\u00e1rio \u00e9 abusiva - Erick Pereira Advogados\",\"isPartOf\":{\"@id\":\"https:\\\/\\\/erickpereira.com\\\/#website\"},\"primaryImageOfPage\":{\"@id\":\"https:\\\/\\\/erickpereira.com\\\/index.php\\\/news\\\/cobranca-de-juros-de-carencia-em-contrato-bancario-e-abusiva\\\/#primaryimage\"},\"image\":{\"@id\":\"https:\\\/\\\/erickpereira.com\\\/index.php\\\/news\\\/cobranca-de-juros-de-carencia-em-contrato-bancario-e-abusiva\\\/#primaryimage\"},\"thumbnailUrl\":\"https:\\\/\\\/erickpereira.com\\\/wp-content\\\/uploads\\\/2020\\\/02\\\/Cobran\u00e7a-de-juros-de-carencia-em-contrato-bancario-e-abusiva.jpg\",\"datePublished\":\"2020-02-05T20:49:46+00:00\",\"dateModified\":\"2020-04-08T14:00:41+00:00\",\"breadcrumb\":{\"@id\":\"https:\\\/\\\/erickpereira.com\\\/index.php\\\/news\\\/cobranca-de-juros-de-carencia-em-contrato-bancario-e-abusiva\\\/#breadcrumb\"},\"inLanguage\":\"pt-BR\",\"potentialAction\":[{\"@type\":\"ReadAction\",\"target\":[\"https:\\\/\\\/erickpereira.com\\\/index.php\\\/news\\\/cobranca-de-juros-de-carencia-em-contrato-bancario-e-abusiva\\\/\"]}]},{\"@type\":\"ImageObject\",\"inLanguage\":\"pt-BR\",\"@id\":\"https:\\\/\\\/erickpereira.com\\\/index.php\\\/news\\\/cobranca-de-juros-de-carencia-em-contrato-bancario-e-abusiva\\\/#primaryimage\",\"url\":\"https:\\\/\\\/erickpereira.com\\\/wp-content\\\/uploads\\\/2020\\\/02\\\/Cobran\u00e7a-de-juros-de-carencia-em-contrato-bancario-e-abusiva.jpg\",\"contentUrl\":\"https:\\\/\\\/erickpereira.com\\\/wp-content\\\/uploads\\\/2020\\\/02\\\/Cobran\u00e7a-de-juros-de-carencia-em-contrato-bancario-e-abusiva.jpg\",\"width\":640,\"height\":426},{\"@type\":\"BreadcrumbList\",\"@id\":\"https:\\\/\\\/erickpereira.com\\\/index.php\\\/news\\\/cobranca-de-juros-de-carencia-em-contrato-bancario-e-abusiva\\\/#breadcrumb\",\"itemListElement\":[{\"@type\":\"ListItem\",\"position\":1,\"name\":\"In\u00edcio\",\"item\":\"https:\\\/\\\/erickpereira.com\\\/\"},{\"@type\":\"ListItem\",\"position\":2,\"name\":\"Not\u00edcias\",\"item\":\"https:\\\/\\\/erickpereira.com\\\/index.php\\\/news\\\/\"},{\"@type\":\"ListItem\",\"position\":3,\"name\":\"Cobran\u00e7a de juros de car\u00eancia em contrato banc\u00e1rio \u00e9 abusiva\"}]},{\"@type\":\"WebSite\",\"@id\":\"https:\\\/\\\/erickpereira.com\\\/#website\",\"url\":\"https:\\\/\\\/erickpereira.com\\\/\",\"name\":\"Erick Pereira Advogados\",\"description\":\"Escrit\u00f3rio de Advocacia em Natal, Bras\u00edlia e S\u00e3o Paulo com s\u00f3lida reputa\u00e7\u00e3o em Direito Administrativo, Eleitoral, Penal e Trabalhista.\",\"potentialAction\":[{\"@type\":\"SearchAction\",\"target\":{\"@type\":\"EntryPoint\",\"urlTemplate\":\"https:\\\/\\\/erickpereira.com\\\/?s={search_term_string}\"},\"query-input\":{\"@type\":\"PropertyValueSpecification\",\"valueRequired\":true,\"valueName\":\"search_term_string\"}}],\"inLanguage\":\"pt-BR\"}]}<\/script>\n<!-- \/ Yoast SEO plugin. -->","yoast_head_json":{"title":"Cobran\u00e7a de juros de car\u00eancia em contrato banc\u00e1rio \u00e9 abusiva - Erick Pereira Advogados","robots":{"index":"index","follow":"follow","max-snippet":"max-snippet:-1","max-image-preview":"max-image-preview:large","max-video-preview":"max-video-preview:-1"},"canonical":"https:\/\/erickpereira.com\/index.php\/news\/cobranca-de-juros-de-carencia-em-contrato-bancario-e-abusiva\/","og_locale":"pt_BR","og_type":"article","og_title":"Cobran\u00e7a de juros de car\u00eancia em contrato banc\u00e1rio \u00e9 abusiva - Erick Pereira Advogados","og_description":"29 de novembro de 2019 &#8211; Not\u00edcias &#8211; Autor: Migalhas O TJ\/MA julgou improcedente apela\u00e7\u00e3o do Banco do Brasil contra senten\u00e7a em a\u00e7\u00e3o consumerista por cobran\u00e7a indevida de juros de car\u00eancia em contrato banc\u00e1rio. O ju\u00edzo da comarca de Imperatriz acolheu os pedidos de indeniza\u00e7\u00e3o por danos morais, declara\u00e7\u00e3o de nulidade de cobran\u00e7a espec\u00edfica, e [&hellip;]","og_url":"https:\/\/erickpereira.com\/index.php\/news\/cobranca-de-juros-de-carencia-em-contrato-bancario-e-abusiva\/","og_site_name":"Erick Pereira Advogados","article_modified_time":"2020-04-08T14:00:41+00:00","og_image":[{"width":640,"height":426,"url":"https:\/\/erickpereira.com\/wp-content\/uploads\/2020\/02\/Cobran\u00e7a-de-juros-de-carencia-em-contrato-bancario-e-abusiva.jpg","type":"image\/jpeg"}],"twitter_card":"summary_large_image","twitter_misc":{"Est. tempo de leitura":"1 minuto"},"schema":{"@context":"https:\/\/schema.org","@graph":[{"@type":"WebPage","@id":"https:\/\/erickpereira.com\/index.php\/news\/cobranca-de-juros-de-carencia-em-contrato-bancario-e-abusiva\/","url":"https:\/\/erickpereira.com\/index.php\/news\/cobranca-de-juros-de-carencia-em-contrato-bancario-e-abusiva\/","name":"Cobran\u00e7a de juros de car\u00eancia em contrato banc\u00e1rio \u00e9 abusiva - Erick Pereira Advogados","isPartOf":{"@id":"https:\/\/erickpereira.com\/#website"},"primaryImageOfPage":{"@id":"https:\/\/erickpereira.com\/index.php\/news\/cobranca-de-juros-de-carencia-em-contrato-bancario-e-abusiva\/#primaryimage"},"image":{"@id":"https:\/\/erickpereira.com\/index.php\/news\/cobranca-de-juros-de-carencia-em-contrato-bancario-e-abusiva\/#primaryimage"},"thumbnailUrl":"https:\/\/erickpereira.com\/wp-content\/uploads\/2020\/02\/Cobran\u00e7a-de-juros-de-carencia-em-contrato-bancario-e-abusiva.jpg","datePublished":"2020-02-05T20:49:46+00:00","dateModified":"2020-04-08T14:00:41+00:00","breadcrumb":{"@id":"https:\/\/erickpereira.com\/index.php\/news\/cobranca-de-juros-de-carencia-em-contrato-bancario-e-abusiva\/#breadcrumb"},"inLanguage":"pt-BR","potentialAction":[{"@type":"ReadAction","target":["https:\/\/erickpereira.com\/index.php\/news\/cobranca-de-juros-de-carencia-em-contrato-bancario-e-abusiva\/"]}]},{"@type":"ImageObject","inLanguage":"pt-BR","@id":"https:\/\/erickpereira.com\/index.php\/news\/cobranca-de-juros-de-carencia-em-contrato-bancario-e-abusiva\/#primaryimage","url":"https:\/\/erickpereira.com\/wp-content\/uploads\/2020\/02\/Cobran\u00e7a-de-juros-de-carencia-em-contrato-bancario-e-abusiva.jpg","contentUrl":"https:\/\/erickpereira.com\/wp-content\/uploads\/2020\/02\/Cobran\u00e7a-de-juros-de-carencia-em-contrato-bancario-e-abusiva.jpg","width":640,"height":426},{"@type":"BreadcrumbList","@id":"https:\/\/erickpereira.com\/index.php\/news\/cobranca-de-juros-de-carencia-em-contrato-bancario-e-abusiva\/#breadcrumb","itemListElement":[{"@type":"ListItem","position":1,"name":"In\u00edcio","item":"https:\/\/erickpereira.com\/"},{"@type":"ListItem","position":2,"name":"Not\u00edcias","item":"https:\/\/erickpereira.com\/index.php\/news\/"},{"@type":"ListItem","position":3,"name":"Cobran\u00e7a de juros de car\u00eancia em contrato banc\u00e1rio \u00e9 abusiva"}]},{"@type":"WebSite","@id":"https:\/\/erickpereira.com\/#website","url":"https:\/\/erickpereira.com\/","name":"Erick Pereira Advogados","description":"Escrit\u00f3rio de Advocacia em Natal, Bras\u00edlia e S\u00e3o Paulo com s\u00f3lida reputa\u00e7\u00e3o em Direito Administrativo, Eleitoral, Penal e Trabalhista.","potentialAction":[{"@type":"SearchAction","target":{"@type":"EntryPoint","urlTemplate":"https:\/\/erickpereira.com\/?s={search_term_string}"},"query-input":{"@type":"PropertyValueSpecification","valueRequired":true,"valueName":"search_term_string"}}],"inLanguage":"pt-BR"}]}},"_links":{"self":[{"href":"https:\/\/erickpereira.com\/index.php\/wp-json\/wp\/v2\/news\/218","targetHints":{"allow":["GET"]}}],"collection":[{"href":"https:\/\/erickpereira.com\/index.php\/wp-json\/wp\/v2\/news"}],"about":[{"href":"https:\/\/erickpereira.com\/index.php\/wp-json\/wp\/v2\/types\/news"}],"wp:featuredmedia":[{"embeddable":true,"href":"https:\/\/erickpereira.com\/index.php\/wp-json\/wp\/v2\/media\/259"}],"wp:attachment":[{"href":"https:\/\/erickpereira.com\/index.php\/wp-json\/wp\/v2\/media?parent=218"}],"curies":[{"name":"wp","href":"https:\/\/api.w.org\/{rel}","templated":true}]}}