{"id":223,"date":"2020-02-05T20:51:23","date_gmt":"2020-02-05T20:51:23","guid":{"rendered":"https:\/\/clientesinterativa.com.br\/003\/erickpereira\/novo\/?post_type=news&#038;p=223"},"modified":"2020-04-08T13:56:13","modified_gmt":"2020-04-08T13:56:13","slug":"proprietario-de-veiculo-tem-direito-a-indenizacao-por-demora-em-conserto","status":"publish","type":"news","link":"https:\/\/erickpereira.com\/index.php\/news\/proprietario-de-veiculo-tem-direito-a-indenizacao-por-demora-em-conserto\/","title":{"rendered":"Propriet\u00e1rio de ve\u00edculo tem direito a indeniza\u00e7\u00e3o por demora em conserto"},"content":{"rendered":"\n<p><strong>27 de dezembro de 2019 &#8211; Not\u00edcias &#8211; Autor: Jusbrasil &#8211; Correio Forense<\/strong><\/p>\n\n\n\n<p>A Sompo Seguros, a Masserati Euro Centro Automotivo e a BRN Distribuidora de Ve\u00edculos ter\u00e3o que indenizar o propriet\u00e1rio de um ve\u00edculo pela demora na realiza\u00e7\u00e3o do conserto. A decis\u00e3o \u00e9 do juiz do 7\u00ba Juizado Especial C\u00edvel de Bras\u00edlia.<\/p>\n\n\n\n<p>Narra o autor que, em dezembro do ano passado, se envolveu em um acidente automobil\u00edstico e que, por isso, acionou o seguro para autorizar que o ve\u00edculo fosse encaminha \u00e0 oficina conveniada para conserto. Consta nos autos que, no dia 27 de dezembro, foi autorizado o in\u00edcio dos reparos. O servi\u00e7o, no entanto, s\u00f3 foi finalizado no final mar\u00e7o deste ano, quase um m\u00eas depois que as pe\u00e7as foram enviadas \u00e0 oficina. Por conta da demora, o autor pleiteia indeniza\u00e7\u00e3o para repara\u00e7\u00e3o por danos morais.<\/p>\n\n\n\n<p>Em sua defesa, a seguradora afirma que cumpriu o contrato e que n\u00e3o possui nenhuma rela\u00e7\u00e3o com a demora no conserto do carro, uma vez que ocorreu devido ao atraso na importa\u00e7\u00e3o das pe\u00e7as automotivas. J\u00e1 a oficina alega que solicitou junto \u00e0 seguradora as pe\u00e7as necess\u00e1rias e que iniciou os trabalhos no dia seguinte ao da chegada das pe\u00e7as. Enquanto isso, a distribuidora esclarece que requereu as pe\u00e7as ao fabricante quando estas foram solicitadas pela empresa respons\u00e1vel pelo conserto. As tr\u00eas r\u00e9s pedem para que o pedido formulado pelo autor seja julgado improcedente.<\/p>\n\n\n\n<p>Ao decidir, o magistrado destacou que a rela\u00e7\u00e3o entre as partes \u00e9 de consumo e que a demora de aproximadamente cinco meses para a realiza\u00e7\u00e3o do conserto configura falha na presta\u00e7\u00e3o do servi\u00e7o. Nesse contexto, de acordo com o julgador, a seguradora, a oficina e a concession\u00e1ria devem responder, de forma solidaria, pelos danos causados ao consumidor, independentemente de culpa.<\/p>\n\n\n\n<p>\u201cNesse descortino, resta evidenciado que as r\u00e9s n\u00e3o prestaram de forma adequada os servi\u00e7os que oferecem no mercado de consumo, o que ocasionou ao autor a espera excessiva, bem como a impossibilidade de utiliza\u00e7\u00e3o de seu ve\u00edculo. Tal conduta il\u00edcita ultrapassa o mero dissabor, demonstra descaso com o consumidor e acarreta o dever de reparar o dano moral\u201d, destacou o magistrado.<\/p>\n\n\n\n<p>Dessa forma, o julgador condenou as tr\u00eas r\u00e9s a pagarem, solidariamente, a quantia de R$ 4 mil ao propriet\u00e1rio do ve\u00edculo. A indeniza\u00e7\u00e3o \u00e9 a t\u00edtulo de danos morais.<\/p>\n\n\n\n<p>Cabe recurso da senten\u00e7a.<br>PJe 0729730-34.2019.8.07.0016<br>\u00a9 Tribunal de Justi\u00e7a do Distrito Federal e dos Territ\u00f3rios \u2013 TJDFT<\/p>\n","protected":false},"featured_media":257,"parent":0,"template":"","class_list":["post-223","news","type-news","status-publish","has-post-thumbnail","hentry"],"acf":[],"yoast_head":"<!-- This site is optimized with the Yoast SEO plugin v27.5 - https:\/\/yoast.com\/product\/yoast-seo-wordpress\/ -->\n<title>Propriet\u00e1rio de ve\u00edculo tem direito a indeniza\u00e7\u00e3o por demora em conserto - Erick Pereira Advogados<\/title>\n<meta name=\"robots\" content=\"index, follow, max-snippet:-1, max-image-preview:large, max-video-preview:-1\" \/>\n<link rel=\"canonical\" href=\"https:\/\/erickpereira.com\/index.php\/news\/proprietario-de-veiculo-tem-direito-a-indenizacao-por-demora-em-conserto\/\" \/>\n<meta property=\"og:locale\" content=\"pt_BR\" \/>\n<meta property=\"og:type\" content=\"article\" \/>\n<meta property=\"og:title\" content=\"Propriet\u00e1rio de ve\u00edculo tem direito a indeniza\u00e7\u00e3o por demora em conserto - Erick Pereira Advogados\" \/>\n<meta property=\"og:description\" content=\"27 de dezembro de 2019 &#8211; Not\u00edcias &#8211; Autor: Jusbrasil &#8211; Correio Forense A Sompo Seguros, a Masserati Euro Centro Automotivo e a BRN Distribuidora de Ve\u00edculos ter\u00e3o que indenizar o propriet\u00e1rio de um ve\u00edculo pela demora na realiza\u00e7\u00e3o do conserto. A decis\u00e3o \u00e9 do juiz do 7\u00ba Juizado Especial C\u00edvel de Bras\u00edlia. Narra o [&hellip;]\" \/>\n<meta property=\"og:url\" content=\"https:\/\/erickpereira.com\/index.php\/news\/proprietario-de-veiculo-tem-direito-a-indenizacao-por-demora-em-conserto\/\" \/>\n<meta property=\"og:site_name\" content=\"Erick Pereira Advogados\" \/>\n<meta property=\"article:modified_time\" content=\"2020-04-08T13:56:13+00:00\" \/>\n<meta property=\"og:image\" content=\"https:\/\/erickpereira.com\/wp-content\/uploads\/2020\/02\/Proprietario-de-veiculo-tem-direito-a-indenizacao-por-demora-em-conserto.jpg\" \/>\n\t<meta property=\"og:image:width\" content=\"640\" \/>\n\t<meta property=\"og:image:height\" content=\"426\" \/>\n\t<meta property=\"og:image:type\" content=\"image\/jpeg\" \/>\n<meta name=\"twitter:card\" content=\"summary_large_image\" \/>\n<meta name=\"twitter:label1\" content=\"Est. tempo de leitura\" \/>\n\t<meta name=\"twitter:data1\" content=\"2 minutos\" \/>\n<script type=\"application\/ld+json\" class=\"yoast-schema-graph\">{\"@context\":\"https:\\\/\\\/schema.org\",\"@graph\":[{\"@type\":\"WebPage\",\"@id\":\"https:\\\/\\\/erickpereira.com\\\/index.php\\\/news\\\/proprietario-de-veiculo-tem-direito-a-indenizacao-por-demora-em-conserto\\\/\",\"url\":\"https:\\\/\\\/erickpereira.com\\\/index.php\\\/news\\\/proprietario-de-veiculo-tem-direito-a-indenizacao-por-demora-em-conserto\\\/\",\"name\":\"Propriet\u00e1rio de ve\u00edculo tem direito a indeniza\u00e7\u00e3o por demora em conserto - Erick Pereira Advogados\",\"isPartOf\":{\"@id\":\"https:\\\/\\\/erickpereira.com\\\/#website\"},\"primaryImageOfPage\":{\"@id\":\"https:\\\/\\\/erickpereira.com\\\/index.php\\\/news\\\/proprietario-de-veiculo-tem-direito-a-indenizacao-por-demora-em-conserto\\\/#primaryimage\"},\"image\":{\"@id\":\"https:\\\/\\\/erickpereira.com\\\/index.php\\\/news\\\/proprietario-de-veiculo-tem-direito-a-indenizacao-por-demora-em-conserto\\\/#primaryimage\"},\"thumbnailUrl\":\"https:\\\/\\\/erickpereira.com\\\/wp-content\\\/uploads\\\/2020\\\/02\\\/Proprietario-de-veiculo-tem-direito-a-indenizacao-por-demora-em-conserto.jpg\",\"datePublished\":\"2020-02-05T20:51:23+00:00\",\"dateModified\":\"2020-04-08T13:56:13+00:00\",\"breadcrumb\":{\"@id\":\"https:\\\/\\\/erickpereira.com\\\/index.php\\\/news\\\/proprietario-de-veiculo-tem-direito-a-indenizacao-por-demora-em-conserto\\\/#breadcrumb\"},\"inLanguage\":\"pt-BR\",\"potentialAction\":[{\"@type\":\"ReadAction\",\"target\":[\"https:\\\/\\\/erickpereira.com\\\/index.php\\\/news\\\/proprietario-de-veiculo-tem-direito-a-indenizacao-por-demora-em-conserto\\\/\"]}]},{\"@type\":\"ImageObject\",\"inLanguage\":\"pt-BR\",\"@id\":\"https:\\\/\\\/erickpereira.com\\\/index.php\\\/news\\\/proprietario-de-veiculo-tem-direito-a-indenizacao-por-demora-em-conserto\\\/#primaryimage\",\"url\":\"https:\\\/\\\/erickpereira.com\\\/wp-content\\\/uploads\\\/2020\\\/02\\\/Proprietario-de-veiculo-tem-direito-a-indenizacao-por-demora-em-conserto.jpg\",\"contentUrl\":\"https:\\\/\\\/erickpereira.com\\\/wp-content\\\/uploads\\\/2020\\\/02\\\/Proprietario-de-veiculo-tem-direito-a-indenizacao-por-demora-em-conserto.jpg\",\"width\":640,\"height\":426},{\"@type\":\"BreadcrumbList\",\"@id\":\"https:\\\/\\\/erickpereira.com\\\/index.php\\\/news\\\/proprietario-de-veiculo-tem-direito-a-indenizacao-por-demora-em-conserto\\\/#breadcrumb\",\"itemListElement\":[{\"@type\":\"ListItem\",\"position\":1,\"name\":\"In\u00edcio\",\"item\":\"https:\\\/\\\/erickpereira.com\\\/\"},{\"@type\":\"ListItem\",\"position\":2,\"name\":\"Not\u00edcias\",\"item\":\"https:\\\/\\\/erickpereira.com\\\/index.php\\\/news\\\/\"},{\"@type\":\"ListItem\",\"position\":3,\"name\":\"Propriet\u00e1rio de ve\u00edculo tem direito a indeniza\u00e7\u00e3o por demora em conserto\"}]},{\"@type\":\"WebSite\",\"@id\":\"https:\\\/\\\/erickpereira.com\\\/#website\",\"url\":\"https:\\\/\\\/erickpereira.com\\\/\",\"name\":\"Erick Pereira Advogados\",\"description\":\"Escrit\u00f3rio de Advocacia em Natal, Bras\u00edlia e S\u00e3o Paulo com s\u00f3lida reputa\u00e7\u00e3o em Direito Administrativo, Eleitoral, Penal e Trabalhista.\",\"potentialAction\":[{\"@type\":\"SearchAction\",\"target\":{\"@type\":\"EntryPoint\",\"urlTemplate\":\"https:\\\/\\\/erickpereira.com\\\/?s={search_term_string}\"},\"query-input\":{\"@type\":\"PropertyValueSpecification\",\"valueRequired\":true,\"valueName\":\"search_term_string\"}}],\"inLanguage\":\"pt-BR\"}]}<\/script>\n<!-- \/ Yoast SEO plugin. -->","yoast_head_json":{"title":"Propriet\u00e1rio de ve\u00edculo tem direito a indeniza\u00e7\u00e3o por demora em conserto - Erick Pereira Advogados","robots":{"index":"index","follow":"follow","max-snippet":"max-snippet:-1","max-image-preview":"max-image-preview:large","max-video-preview":"max-video-preview:-1"},"canonical":"https:\/\/erickpereira.com\/index.php\/news\/proprietario-de-veiculo-tem-direito-a-indenizacao-por-demora-em-conserto\/","og_locale":"pt_BR","og_type":"article","og_title":"Propriet\u00e1rio de ve\u00edculo tem direito a indeniza\u00e7\u00e3o por demora em conserto - Erick Pereira Advogados","og_description":"27 de dezembro de 2019 &#8211; Not\u00edcias &#8211; Autor: Jusbrasil &#8211; Correio Forense A Sompo Seguros, a Masserati Euro Centro Automotivo e a BRN Distribuidora de Ve\u00edculos ter\u00e3o que indenizar o propriet\u00e1rio de um ve\u00edculo pela demora na realiza\u00e7\u00e3o do conserto. A decis\u00e3o \u00e9 do juiz do 7\u00ba Juizado Especial C\u00edvel de Bras\u00edlia. Narra o [&hellip;]","og_url":"https:\/\/erickpereira.com\/index.php\/news\/proprietario-de-veiculo-tem-direito-a-indenizacao-por-demora-em-conserto\/","og_site_name":"Erick Pereira Advogados","article_modified_time":"2020-04-08T13:56:13+00:00","og_image":[{"width":640,"height":426,"url":"https:\/\/erickpereira.com\/wp-content\/uploads\/2020\/02\/Proprietario-de-veiculo-tem-direito-a-indenizacao-por-demora-em-conserto.jpg","type":"image\/jpeg"}],"twitter_card":"summary_large_image","twitter_misc":{"Est. tempo de leitura":"2 minutos"},"schema":{"@context":"https:\/\/schema.org","@graph":[{"@type":"WebPage","@id":"https:\/\/erickpereira.com\/index.php\/news\/proprietario-de-veiculo-tem-direito-a-indenizacao-por-demora-em-conserto\/","url":"https:\/\/erickpereira.com\/index.php\/news\/proprietario-de-veiculo-tem-direito-a-indenizacao-por-demora-em-conserto\/","name":"Propriet\u00e1rio de ve\u00edculo tem direito a indeniza\u00e7\u00e3o por demora em conserto - Erick Pereira Advogados","isPartOf":{"@id":"https:\/\/erickpereira.com\/#website"},"primaryImageOfPage":{"@id":"https:\/\/erickpereira.com\/index.php\/news\/proprietario-de-veiculo-tem-direito-a-indenizacao-por-demora-em-conserto\/#primaryimage"},"image":{"@id":"https:\/\/erickpereira.com\/index.php\/news\/proprietario-de-veiculo-tem-direito-a-indenizacao-por-demora-em-conserto\/#primaryimage"},"thumbnailUrl":"https:\/\/erickpereira.com\/wp-content\/uploads\/2020\/02\/Proprietario-de-veiculo-tem-direito-a-indenizacao-por-demora-em-conserto.jpg","datePublished":"2020-02-05T20:51:23+00:00","dateModified":"2020-04-08T13:56:13+00:00","breadcrumb":{"@id":"https:\/\/erickpereira.com\/index.php\/news\/proprietario-de-veiculo-tem-direito-a-indenizacao-por-demora-em-conserto\/#breadcrumb"},"inLanguage":"pt-BR","potentialAction":[{"@type":"ReadAction","target":["https:\/\/erickpereira.com\/index.php\/news\/proprietario-de-veiculo-tem-direito-a-indenizacao-por-demora-em-conserto\/"]}]},{"@type":"ImageObject","inLanguage":"pt-BR","@id":"https:\/\/erickpereira.com\/index.php\/news\/proprietario-de-veiculo-tem-direito-a-indenizacao-por-demora-em-conserto\/#primaryimage","url":"https:\/\/erickpereira.com\/wp-content\/uploads\/2020\/02\/Proprietario-de-veiculo-tem-direito-a-indenizacao-por-demora-em-conserto.jpg","contentUrl":"https:\/\/erickpereira.com\/wp-content\/uploads\/2020\/02\/Proprietario-de-veiculo-tem-direito-a-indenizacao-por-demora-em-conserto.jpg","width":640,"height":426},{"@type":"BreadcrumbList","@id":"https:\/\/erickpereira.com\/index.php\/news\/proprietario-de-veiculo-tem-direito-a-indenizacao-por-demora-em-conserto\/#breadcrumb","itemListElement":[{"@type":"ListItem","position":1,"name":"In\u00edcio","item":"https:\/\/erickpereira.com\/"},{"@type":"ListItem","position":2,"name":"Not\u00edcias","item":"https:\/\/erickpereira.com\/index.php\/news\/"},{"@type":"ListItem","position":3,"name":"Propriet\u00e1rio de ve\u00edculo tem direito a indeniza\u00e7\u00e3o por demora em conserto"}]},{"@type":"WebSite","@id":"https:\/\/erickpereira.com\/#website","url":"https:\/\/erickpereira.com\/","name":"Erick Pereira Advogados","description":"Escrit\u00f3rio de Advocacia em Natal, Bras\u00edlia e S\u00e3o Paulo com s\u00f3lida reputa\u00e7\u00e3o em Direito Administrativo, Eleitoral, Penal e Trabalhista.","potentialAction":[{"@type":"SearchAction","target":{"@type":"EntryPoint","urlTemplate":"https:\/\/erickpereira.com\/?s={search_term_string}"},"query-input":{"@type":"PropertyValueSpecification","valueRequired":true,"valueName":"search_term_string"}}],"inLanguage":"pt-BR"}]}},"_links":{"self":[{"href":"https:\/\/erickpereira.com\/index.php\/wp-json\/wp\/v2\/news\/223","targetHints":{"allow":["GET"]}}],"collection":[{"href":"https:\/\/erickpereira.com\/index.php\/wp-json\/wp\/v2\/news"}],"about":[{"href":"https:\/\/erickpereira.com\/index.php\/wp-json\/wp\/v2\/types\/news"}],"wp:featuredmedia":[{"embeddable":true,"href":"https:\/\/erickpereira.com\/index.php\/wp-json\/wp\/v2\/media\/257"}],"wp:attachment":[{"href":"https:\/\/erickpereira.com\/index.php\/wp-json\/wp\/v2\/media?parent=223"}],"curies":[{"name":"wp","href":"https:\/\/api.w.org\/{rel}","templated":true}]}}