{"id":227,"date":"2020-02-05T20:53:19","date_gmt":"2020-02-05T20:53:19","guid":{"rendered":"https:\/\/clientesinterativa.com.br\/003\/erickpereira\/novo\/?post_type=news&#038;p=227"},"modified":"2020-02-06T18:14:52","modified_gmt":"2020-02-06T18:14:52","slug":"loja-tera-que-indenizar-consumidor-por-vender-produto-nao-disponivel-em-estoque","status":"publish","type":"news","link":"https:\/\/erickpereira.com\/index.php\/news\/loja-tera-que-indenizar-consumidor-por-vender-produto-nao-disponivel-em-estoque\/","title":{"rendered":"Loja ter\u00e1 que indenizar consumidor por vender produto n\u00e3o dispon\u00edvel em estoque"},"content":{"rendered":"\n<p><strong>17 de janeiro de 2020 &#8211; Not\u00edcias &#8211; Autor: Jusbrasil &#8211; Diego Carvalho<\/strong><\/p>\n\n\n\n<p>A Carlos Saraiva Importa\u00e7\u00f5es e Com\u00e9rcio LTDA ter\u00e1 que indenizar consumidor ap\u00f3s vender produto que n\u00e3o estava dispon\u00edvel no estoque da unidade, onde foi realizada a compra. A decis\u00e3o \u00e9 da ju\u00edza do 2\u00ba Juizado Especial C\u00edvel de \u00c1guas Claras.<\/p>\n\n\n\n<p>Constam nos autos que a autora adquiriu uma geladeira com prazo de entrega para seis dias. Ap\u00f3s esse per\u00edodo, no entanto, o produto n\u00e3o foi entregue. Narra a consumidora que, ao procurar a loja pela segunda vez, foi informada que o item n\u00e3o estava dispon\u00edvel em estoque.<\/p>\n\n\n\n<p>Por conta disso, a autora pediu o cancelamento da compra e adquiriu o produto em outro estabelecimento depois de 15 dias, quando houve a libera\u00e7\u00e3o do limite do cart\u00e3o. A autora conta ainda que necessitava da geladeira com urg\u00eancia, uma vez que \u00e9 tutora de uma cadela que faz uso de insulina que deve ficar refrigerada.<\/p>\n\n\n\n<p>Em sua defesa, a r\u00e9 alega que a consumidora foi informada, no momento da compra, que o produto estava indispon\u00edvel. De acordo com a empresa, a compra foi cancelada ap\u00f3s a cliente demonstrar insatisfa\u00e7\u00e3o quanto \u00e0 demora na entrega do produto. A empresa assevera que n\u00e3o praticou qualquer ato que justifique a indeniza\u00e7\u00e3o por danos morais.<\/p>\n\n\n\n<p>Ao decidir, a magistrada destacou que o problema ocorreu por culpa exclusiva da empresa que vendeu o produto sem a devida disponibilidade do produto em estoque. A julgadora lembrou que o descumprimento contratual n\u00e3o gera dano moral, mas que a autora comprovou que necessitava urgentemente da geladeira, item indispens\u00e1vel para guardar as insulinas. \u201cDeste modo, eis que houve falha na presta\u00e7\u00e3o de servi\u00e7o e que as circunst\u00e2ncias sobrepassaram o mero dissabor do cotidiano, causando dano moral\u201d, pontuou.<\/p>\n\n\n\n<p>Dessa forma, a empresa r\u00e9 foi condenada a pagar \u00e0 autora a quantia de R$ 1.500,00 a t\u00edtulo de indeniza\u00e7\u00e3o por danos morais.<\/p>\n\n\n\n<p>Cabe recurso da senten\u00e7a.<\/p>\n\n\n\n<p>PJe: 0714009-30.2019.8.07.0020<\/p>\n","protected":false},"featured_media":266,"parent":0,"template":"","class_list":["post-227","news","type-news","status-publish","has-post-thumbnail","hentry"],"acf":[],"yoast_head":"<!-- This site is optimized with the Yoast SEO plugin v27.5 - https:\/\/yoast.com\/product\/yoast-seo-wordpress\/ -->\n<title>Loja ter\u00e1 que indenizar consumidor por vender produto n\u00e3o dispon\u00edvel em estoque - Erick Pereira Advogados<\/title>\n<meta name=\"robots\" content=\"index, follow, max-snippet:-1, max-image-preview:large, max-video-preview:-1\" \/>\n<link rel=\"canonical\" href=\"https:\/\/erickpereira.com\/index.php\/news\/loja-tera-que-indenizar-consumidor-por-vender-produto-nao-disponivel-em-estoque\/\" \/>\n<meta property=\"og:locale\" content=\"pt_BR\" \/>\n<meta property=\"og:type\" content=\"article\" \/>\n<meta property=\"og:title\" content=\"Loja ter\u00e1 que indenizar consumidor por vender produto n\u00e3o dispon\u00edvel em estoque - Erick Pereira Advogados\" \/>\n<meta property=\"og:description\" content=\"17 de janeiro de 2020 &#8211; Not\u00edcias &#8211; Autor: Jusbrasil &#8211; Diego Carvalho A Carlos Saraiva Importa\u00e7\u00f5es e Com\u00e9rcio LTDA ter\u00e1 que indenizar consumidor ap\u00f3s vender produto que n\u00e3o estava dispon\u00edvel no estoque da unidade, onde foi realizada a compra. A decis\u00e3o \u00e9 da ju\u00edza do 2\u00ba Juizado Especial C\u00edvel de \u00c1guas Claras. Constam nos [&hellip;]\" \/>\n<meta property=\"og:url\" content=\"https:\/\/erickpereira.com\/index.php\/news\/loja-tera-que-indenizar-consumidor-por-vender-produto-nao-disponivel-em-estoque\/\" \/>\n<meta property=\"og:site_name\" content=\"Erick Pereira Advogados\" \/>\n<meta property=\"article:modified_time\" content=\"2020-02-06T18:14:52+00:00\" \/>\n<meta property=\"og:image\" content=\"https:\/\/erickpereira.com\/wp-content\/uploads\/2020\/02\/Loja-tera-que-indenizar-consumidor-por-vender-produto-nao-disponivel-em-estoque.jpg\" \/>\n\t<meta property=\"og:image:width\" content=\"640\" \/>\n\t<meta property=\"og:image:height\" content=\"426\" \/>\n\t<meta property=\"og:image:type\" content=\"image\/jpeg\" \/>\n<meta name=\"twitter:card\" content=\"summary_large_image\" \/>\n<meta name=\"twitter:label1\" content=\"Est. tempo de leitura\" \/>\n\t<meta name=\"twitter:data1\" content=\"2 minutos\" \/>\n<script type=\"application\/ld+json\" class=\"yoast-schema-graph\">{\"@context\":\"https:\\\/\\\/schema.org\",\"@graph\":[{\"@type\":\"WebPage\",\"@id\":\"https:\\\/\\\/erickpereira.com\\\/index.php\\\/news\\\/loja-tera-que-indenizar-consumidor-por-vender-produto-nao-disponivel-em-estoque\\\/\",\"url\":\"https:\\\/\\\/erickpereira.com\\\/index.php\\\/news\\\/loja-tera-que-indenizar-consumidor-por-vender-produto-nao-disponivel-em-estoque\\\/\",\"name\":\"Loja ter\u00e1 que indenizar consumidor por vender produto n\u00e3o dispon\u00edvel em estoque - Erick Pereira Advogados\",\"isPartOf\":{\"@id\":\"https:\\\/\\\/erickpereira.com\\\/#website\"},\"primaryImageOfPage\":{\"@id\":\"https:\\\/\\\/erickpereira.com\\\/index.php\\\/news\\\/loja-tera-que-indenizar-consumidor-por-vender-produto-nao-disponivel-em-estoque\\\/#primaryimage\"},\"image\":{\"@id\":\"https:\\\/\\\/erickpereira.com\\\/index.php\\\/news\\\/loja-tera-que-indenizar-consumidor-por-vender-produto-nao-disponivel-em-estoque\\\/#primaryimage\"},\"thumbnailUrl\":\"https:\\\/\\\/erickpereira.com\\\/wp-content\\\/uploads\\\/2020\\\/02\\\/Loja-tera-que-indenizar-consumidor-por-vender-produto-nao-disponivel-em-estoque.jpg\",\"datePublished\":\"2020-02-05T20:53:19+00:00\",\"dateModified\":\"2020-02-06T18:14:52+00:00\",\"breadcrumb\":{\"@id\":\"https:\\\/\\\/erickpereira.com\\\/index.php\\\/news\\\/loja-tera-que-indenizar-consumidor-por-vender-produto-nao-disponivel-em-estoque\\\/#breadcrumb\"},\"inLanguage\":\"pt-BR\",\"potentialAction\":[{\"@type\":\"ReadAction\",\"target\":[\"https:\\\/\\\/erickpereira.com\\\/index.php\\\/news\\\/loja-tera-que-indenizar-consumidor-por-vender-produto-nao-disponivel-em-estoque\\\/\"]}]},{\"@type\":\"ImageObject\",\"inLanguage\":\"pt-BR\",\"@id\":\"https:\\\/\\\/erickpereira.com\\\/index.php\\\/news\\\/loja-tera-que-indenizar-consumidor-por-vender-produto-nao-disponivel-em-estoque\\\/#primaryimage\",\"url\":\"https:\\\/\\\/erickpereira.com\\\/wp-content\\\/uploads\\\/2020\\\/02\\\/Loja-tera-que-indenizar-consumidor-por-vender-produto-nao-disponivel-em-estoque.jpg\",\"contentUrl\":\"https:\\\/\\\/erickpereira.com\\\/wp-content\\\/uploads\\\/2020\\\/02\\\/Loja-tera-que-indenizar-consumidor-por-vender-produto-nao-disponivel-em-estoque.jpg\",\"width\":640,\"height\":426},{\"@type\":\"BreadcrumbList\",\"@id\":\"https:\\\/\\\/erickpereira.com\\\/index.php\\\/news\\\/loja-tera-que-indenizar-consumidor-por-vender-produto-nao-disponivel-em-estoque\\\/#breadcrumb\",\"itemListElement\":[{\"@type\":\"ListItem\",\"position\":1,\"name\":\"In\u00edcio\",\"item\":\"https:\\\/\\\/erickpereira.com\\\/\"},{\"@type\":\"ListItem\",\"position\":2,\"name\":\"Not\u00edcias\",\"item\":\"https:\\\/\\\/erickpereira.com\\\/index.php\\\/news\\\/\"},{\"@type\":\"ListItem\",\"position\":3,\"name\":\"Loja ter\u00e1 que indenizar consumidor por vender produto n\u00e3o dispon\u00edvel em estoque\"}]},{\"@type\":\"WebSite\",\"@id\":\"https:\\\/\\\/erickpereira.com\\\/#website\",\"url\":\"https:\\\/\\\/erickpereira.com\\\/\",\"name\":\"Erick Pereira Advogados\",\"description\":\"Escrit\u00f3rio de Advocacia em Natal, Bras\u00edlia e S\u00e3o Paulo com s\u00f3lida reputa\u00e7\u00e3o em Direito Administrativo, Eleitoral, Penal e Trabalhista.\",\"potentialAction\":[{\"@type\":\"SearchAction\",\"target\":{\"@type\":\"EntryPoint\",\"urlTemplate\":\"https:\\\/\\\/erickpereira.com\\\/?s={search_term_string}\"},\"query-input\":{\"@type\":\"PropertyValueSpecification\",\"valueRequired\":true,\"valueName\":\"search_term_string\"}}],\"inLanguage\":\"pt-BR\"}]}<\/script>\n<!-- \/ Yoast SEO plugin. -->","yoast_head_json":{"title":"Loja ter\u00e1 que indenizar consumidor por vender produto n\u00e3o dispon\u00edvel em estoque - Erick Pereira Advogados","robots":{"index":"index","follow":"follow","max-snippet":"max-snippet:-1","max-image-preview":"max-image-preview:large","max-video-preview":"max-video-preview:-1"},"canonical":"https:\/\/erickpereira.com\/index.php\/news\/loja-tera-que-indenizar-consumidor-por-vender-produto-nao-disponivel-em-estoque\/","og_locale":"pt_BR","og_type":"article","og_title":"Loja ter\u00e1 que indenizar consumidor por vender produto n\u00e3o dispon\u00edvel em estoque - Erick Pereira Advogados","og_description":"17 de janeiro de 2020 &#8211; Not\u00edcias &#8211; Autor: Jusbrasil &#8211; Diego Carvalho A Carlos Saraiva Importa\u00e7\u00f5es e Com\u00e9rcio LTDA ter\u00e1 que indenizar consumidor ap\u00f3s vender produto que n\u00e3o estava dispon\u00edvel no estoque da unidade, onde foi realizada a compra. A decis\u00e3o \u00e9 da ju\u00edza do 2\u00ba Juizado Especial C\u00edvel de \u00c1guas Claras. Constam nos [&hellip;]","og_url":"https:\/\/erickpereira.com\/index.php\/news\/loja-tera-que-indenizar-consumidor-por-vender-produto-nao-disponivel-em-estoque\/","og_site_name":"Erick Pereira Advogados","article_modified_time":"2020-02-06T18:14:52+00:00","og_image":[{"width":640,"height":426,"url":"https:\/\/erickpereira.com\/wp-content\/uploads\/2020\/02\/Loja-tera-que-indenizar-consumidor-por-vender-produto-nao-disponivel-em-estoque.jpg","type":"image\/jpeg"}],"twitter_card":"summary_large_image","twitter_misc":{"Est. tempo de leitura":"2 minutos"},"schema":{"@context":"https:\/\/schema.org","@graph":[{"@type":"WebPage","@id":"https:\/\/erickpereira.com\/index.php\/news\/loja-tera-que-indenizar-consumidor-por-vender-produto-nao-disponivel-em-estoque\/","url":"https:\/\/erickpereira.com\/index.php\/news\/loja-tera-que-indenizar-consumidor-por-vender-produto-nao-disponivel-em-estoque\/","name":"Loja ter\u00e1 que indenizar consumidor por vender produto n\u00e3o dispon\u00edvel em estoque - Erick Pereira Advogados","isPartOf":{"@id":"https:\/\/erickpereira.com\/#website"},"primaryImageOfPage":{"@id":"https:\/\/erickpereira.com\/index.php\/news\/loja-tera-que-indenizar-consumidor-por-vender-produto-nao-disponivel-em-estoque\/#primaryimage"},"image":{"@id":"https:\/\/erickpereira.com\/index.php\/news\/loja-tera-que-indenizar-consumidor-por-vender-produto-nao-disponivel-em-estoque\/#primaryimage"},"thumbnailUrl":"https:\/\/erickpereira.com\/wp-content\/uploads\/2020\/02\/Loja-tera-que-indenizar-consumidor-por-vender-produto-nao-disponivel-em-estoque.jpg","datePublished":"2020-02-05T20:53:19+00:00","dateModified":"2020-02-06T18:14:52+00:00","breadcrumb":{"@id":"https:\/\/erickpereira.com\/index.php\/news\/loja-tera-que-indenizar-consumidor-por-vender-produto-nao-disponivel-em-estoque\/#breadcrumb"},"inLanguage":"pt-BR","potentialAction":[{"@type":"ReadAction","target":["https:\/\/erickpereira.com\/index.php\/news\/loja-tera-que-indenizar-consumidor-por-vender-produto-nao-disponivel-em-estoque\/"]}]},{"@type":"ImageObject","inLanguage":"pt-BR","@id":"https:\/\/erickpereira.com\/index.php\/news\/loja-tera-que-indenizar-consumidor-por-vender-produto-nao-disponivel-em-estoque\/#primaryimage","url":"https:\/\/erickpereira.com\/wp-content\/uploads\/2020\/02\/Loja-tera-que-indenizar-consumidor-por-vender-produto-nao-disponivel-em-estoque.jpg","contentUrl":"https:\/\/erickpereira.com\/wp-content\/uploads\/2020\/02\/Loja-tera-que-indenizar-consumidor-por-vender-produto-nao-disponivel-em-estoque.jpg","width":640,"height":426},{"@type":"BreadcrumbList","@id":"https:\/\/erickpereira.com\/index.php\/news\/loja-tera-que-indenizar-consumidor-por-vender-produto-nao-disponivel-em-estoque\/#breadcrumb","itemListElement":[{"@type":"ListItem","position":1,"name":"In\u00edcio","item":"https:\/\/erickpereira.com\/"},{"@type":"ListItem","position":2,"name":"Not\u00edcias","item":"https:\/\/erickpereira.com\/index.php\/news\/"},{"@type":"ListItem","position":3,"name":"Loja ter\u00e1 que indenizar consumidor por vender produto n\u00e3o dispon\u00edvel em estoque"}]},{"@type":"WebSite","@id":"https:\/\/erickpereira.com\/#website","url":"https:\/\/erickpereira.com\/","name":"Erick Pereira Advogados","description":"Escrit\u00f3rio de Advocacia em Natal, Bras\u00edlia e S\u00e3o Paulo com s\u00f3lida reputa\u00e7\u00e3o em Direito Administrativo, Eleitoral, Penal e Trabalhista.","potentialAction":[{"@type":"SearchAction","target":{"@type":"EntryPoint","urlTemplate":"https:\/\/erickpereira.com\/?s={search_term_string}"},"query-input":{"@type":"PropertyValueSpecification","valueRequired":true,"valueName":"search_term_string"}}],"inLanguage":"pt-BR"}]}},"_links":{"self":[{"href":"https:\/\/erickpereira.com\/index.php\/wp-json\/wp\/v2\/news\/227","targetHints":{"allow":["GET"]}}],"collection":[{"href":"https:\/\/erickpereira.com\/index.php\/wp-json\/wp\/v2\/news"}],"about":[{"href":"https:\/\/erickpereira.com\/index.php\/wp-json\/wp\/v2\/types\/news"}],"wp:featuredmedia":[{"embeddable":true,"href":"https:\/\/erickpereira.com\/index.php\/wp-json\/wp\/v2\/media\/266"}],"wp:attachment":[{"href":"https:\/\/erickpereira.com\/index.php\/wp-json\/wp\/v2\/media?parent=227"}],"curies":[{"name":"wp","href":"https:\/\/api.w.org\/{rel}","templated":true}]}}