{"id":398,"date":"2020-12-11T17:34:24","date_gmt":"2020-12-11T17:34:24","guid":{"rendered":"https:\/\/erickpereira.com\/?post_type=news&#038;p=398"},"modified":"2020-12-11T17:35:41","modified_gmt":"2020-12-11T17:35:41","slug":"ministerio-publico-perde-uma-das-maiores-acoes-trabalhistas-do-rio-grande-do-norte","status":"publish","type":"news","link":"https:\/\/erickpereira.com\/index.php\/news\/ministerio-publico-perde-uma-das-maiores-acoes-trabalhistas-do-rio-grande-do-norte\/","title":{"rendered":"Minist\u00e9rio P\u00fablico perde uma das maiores a\u00e7\u00f5es trabalhistas do Rio Grande do Norte"},"content":{"rendered":"\n<p><strong>11 de Dezembro de 2020 &#8211; Destaque &#8211; Autor:<\/strong> <strong>Reda\u00e7\u00e3o JuriNews<\/strong><\/p>\n\n\n\n<p>Com buscas e apreens\u00f5es, com as participa\u00e7\u00f5es de policiais federais e de v\u00e1rios procuradores do Trabalho que fizeram inspe\u00e7\u00f5es e recolheram diversos documentos, o Minist\u00e9rio P\u00fablico do Trabalho perde uma das maiores a\u00e7\u00e3o civil p\u00fablica que pedia uma condena\u00e7\u00e3o de R$ 36 milh\u00f5es, valores de 2017, contra o Grupo Guararapes, alegando ilegalidade nas rela\u00e7\u00f5es trabalhistas existentes nos locais de confec\u00e7\u00e3o.<\/p>\n\n\n\n<p>Ao mesmo tempo, o Minist\u00e9rio P\u00fablico Federal entrou com uma a\u00e7\u00e3o penal contra a pessoa f\u00edsica do empres\u00e1rio Fl\u00e1vio Rocha, tendo o processo tramitado perante a 2\u00aa Vara Federal do Rio Grande do Norte.<\/p>\n\n\n\n<p>Mas, o Pleno do Tribunal Regional do Trabalho da 21\u00aa Regi\u00e3o julgou improcedente o pedido do procuradores do Trabalho, Xisto Tiago e Ileana Mousinho, decidindo que inexiste v\u00ednculo trabalhista entre as partes, dando ganho de causa ao Grupo Guararapes.<\/p>\n\n\n\n<p>\u201cS\u00f3 lamento o Seu Nevaldo n\u00e3o est\u00e1 mais ao nosso lado porque essa segunda vit\u00f3ria \u00e9 o restabelecimento da verdade e da possibilidade de agora se ter o desenvolvimento, sem persegui\u00e7\u00e3o e sem preconceito contra o empresariado norte-rio-grandense\u201d, avalia o advogado Erick Pereira que tamb\u00e9m j\u00e1 havia defendido o empres\u00e1rio Fl\u00e1vio Rocha, CEO do Grupo Guararapes, na a\u00e7\u00e3o penal que tramitou na Justi\u00e7a Federal.<\/p>\n\n\n\n<h5 class=\"wp-block-heading\"><strong>ENTENDA O CASO<\/strong><\/h5>\n\n\n\n<p>O Pleno do Tribunal Regional do Trabalho da 21\u00aa Regi\u00e3o (TRT-RN) decidiu, em julgamento ocorrido nesta quinta-feira (10), que inexiste v\u00ednculo trabalhista entre o Grupo Guararapes e os empregados de fac\u00e7\u00f5es t\u00eaxteis, em processo decorrente de a\u00e7\u00e3o do Minist\u00e9rio P\u00fablico do Trabalho (MPT) amplamente divulgada pela imprensa.<\/p>\n\n\n\n<p>Com o programa Pr\u00f3-Sert\u00e3o, dezenas de fac\u00e7\u00f5es foram abertas no Serid\u00f3 para atender ind\u00fastrias t\u00eaxteis, com destaque para a pertencente ao Grupo Guararapes. O Minist\u00e9rio P\u00fablico do Trabalho, por meio de a\u00e7\u00e3o civil p\u00fablica, alegou a ilegalidade das rela\u00e7\u00f5es trabalhistas existentes nos locais de confec\u00e7\u00e3o, requerendo a declara\u00e7\u00e3o de v\u00ednculo empregat\u00edcio com a empresa compradora dos produtos.<\/p>\n\n\n\n<p>A a\u00e7\u00e3o civil p\u00fablica foi julgada na primeira inst\u00e2ncia, por\u00e9m, ela e dezenas de outros processos, tratando da mesma mat\u00e9ria, ficaram sobrestados (suspensos) \u00e0 espera do julgamento do Incidente de Uniformiza\u00e7\u00e3o de Jurisprud\u00eancia (IUJ) pelo Pleno do TRT potiguar.<\/p>\n\n\n\n<p>Ap\u00f3s recursos do MPT no Tribunal Superior do Trabalho (TST), o processo foi pautado para aprecia\u00e7\u00e3o nesta quinta-feira.<\/p>\n\n\n\n<p>Apesar dos diferentes entendimentos, o Pleno do Tribunal da 21\u00aa Regi\u00e3o decidiu, por cinco votos, que inexiste v\u00ednculo direto entre o Grupo Guararapes e os empregados das fac\u00e7\u00f5es e que a empresa somente responder\u00e1 pelos d\u00e9bitos trabalhistas, subsidiariamente, quando exigir exclusividade ou tiver inger\u00eancia direta na produ\u00e7\u00e3o.<\/p>\n\n\n\n<p>Votaram pelo n\u00e3o reconhecimento do v\u00ednculo e pela responsabilidade subsidi\u00e1ria condicionada os desembargadores Bento Herculano Duarte Neto, presidente do TRT-RN, Jos\u00e9 Barbosa Filho, Joseane Dantas dos Santos, Ricardo Lu\u00eds Esp\u00ednola Borges e Eridson Jo\u00e3o Fernandes Medeiros, que ficou respons\u00e1vel pela elabora\u00e7\u00e3o do ac\u00f3rd\u00e3o.<\/p>\n\n\n\n<p>Os desembargadores Carlos Newton de Souza Pinto e Maria Auxiliadora Barros de Medeiros Rodrigues votaram pela inexist\u00eancia de v\u00ednculo de forma mais ampla, enquanto o relator do processo no Tribunal, desembargador Ronaldo Medeiros de Souza, entendeu pela maior abrang\u00eancia da responsabilidade da Guararapes, no que foi acompanhado pela desembargadora Maria do Perpetuo Socorro Wanderley de Castro.<\/p>\n\n\n\n<p>De acordo com o desembargador Bento Herculano Duarte Neto, \u201ca decis\u00e3o p\u00f4s fim a uma controv\u00e9rsia de anos, estabelecendo uma seguran\u00e7a jur\u00eddica que ir\u00e1 beneficiar tanto as empresas como os trabalhadores, com inequ\u00edvoco impacto social, particularmente repercutindo na economia do sert\u00e3o norte-rio-grandense\u201d.<\/p>\n","protected":false},"featured_media":400,"parent":0,"template":"","class_list":["post-398","news","type-news","status-publish","has-post-thumbnail","hentry"],"acf":[],"yoast_head":"<!-- This site is optimized with the Yoast SEO plugin v27.5 - https:\/\/yoast.com\/product\/yoast-seo-wordpress\/ -->\n<title>Minist\u00e9rio P\u00fablico perde uma das maiores a\u00e7\u00f5es trabalhistas do Rio Grande do Norte - Erick Pereira Advogados<\/title>\n<meta name=\"robots\" content=\"index, follow, max-snippet:-1, max-image-preview:large, max-video-preview:-1\" \/>\n<link rel=\"canonical\" href=\"https:\/\/erickpereira.com\/index.php\/news\/ministerio-publico-perde-uma-das-maiores-acoes-trabalhistas-do-rio-grande-do-norte\/\" \/>\n<meta property=\"og:locale\" content=\"pt_BR\" \/>\n<meta property=\"og:type\" content=\"article\" \/>\n<meta property=\"og:title\" content=\"Minist\u00e9rio P\u00fablico perde uma das maiores a\u00e7\u00f5es trabalhistas do Rio Grande do Norte - Erick Pereira Advogados\" \/>\n<meta property=\"og:description\" content=\"11 de Dezembro de 2020 &#8211; Destaque &#8211; Autor: Reda\u00e7\u00e3o JuriNews Com buscas e apreens\u00f5es, com as participa\u00e7\u00f5es de policiais federais e de v\u00e1rios procuradores do Trabalho que fizeram inspe\u00e7\u00f5es e recolheram diversos documentos, o Minist\u00e9rio P\u00fablico do Trabalho perde uma das maiores a\u00e7\u00e3o civil p\u00fablica que pedia uma condena\u00e7\u00e3o de R$ 36 milh\u00f5es, valores [&hellip;]\" \/>\n<meta property=\"og:url\" content=\"https:\/\/erickpereira.com\/index.php\/news\/ministerio-publico-perde-uma-das-maiores-acoes-trabalhistas-do-rio-grande-do-norte\/\" \/>\n<meta property=\"og:site_name\" content=\"Erick Pereira Advogados\" \/>\n<meta property=\"article:modified_time\" content=\"2020-12-11T17:35:41+00:00\" \/>\n<meta property=\"og:image\" content=\"https:\/\/erickpereira.com\/wp-content\/uploads\/2020\/12\/coworkers-team-brainstorming.jpg\" \/>\n\t<meta property=\"og:image:width\" content=\"2200\" \/>\n\t<meta property=\"og:image:height\" content=\"1238\" \/>\n\t<meta property=\"og:image:type\" content=\"image\/jpeg\" \/>\n<meta name=\"twitter:card\" content=\"summary_large_image\" \/>\n<meta name=\"twitter:label1\" content=\"Est. tempo de leitura\" \/>\n\t<meta name=\"twitter:data1\" content=\"3 minutos\" \/>\n<script type=\"application\/ld+json\" class=\"yoast-schema-graph\">{\"@context\":\"https:\\\/\\\/schema.org\",\"@graph\":[{\"@type\":\"WebPage\",\"@id\":\"https:\\\/\\\/erickpereira.com\\\/index.php\\\/news\\\/ministerio-publico-perde-uma-das-maiores-acoes-trabalhistas-do-rio-grande-do-norte\\\/\",\"url\":\"https:\\\/\\\/erickpereira.com\\\/index.php\\\/news\\\/ministerio-publico-perde-uma-das-maiores-acoes-trabalhistas-do-rio-grande-do-norte\\\/\",\"name\":\"Minist\u00e9rio P\u00fablico perde uma das maiores a\u00e7\u00f5es trabalhistas do Rio Grande do Norte - Erick Pereira Advogados\",\"isPartOf\":{\"@id\":\"https:\\\/\\\/erickpereira.com\\\/#website\"},\"primaryImageOfPage\":{\"@id\":\"https:\\\/\\\/erickpereira.com\\\/index.php\\\/news\\\/ministerio-publico-perde-uma-das-maiores-acoes-trabalhistas-do-rio-grande-do-norte\\\/#primaryimage\"},\"image\":{\"@id\":\"https:\\\/\\\/erickpereira.com\\\/index.php\\\/news\\\/ministerio-publico-perde-uma-das-maiores-acoes-trabalhistas-do-rio-grande-do-norte\\\/#primaryimage\"},\"thumbnailUrl\":\"https:\\\/\\\/erickpereira.com\\\/wp-content\\\/uploads\\\/2020\\\/12\\\/coworkers-team-brainstorming.jpg\",\"datePublished\":\"2020-12-11T17:34:24+00:00\",\"dateModified\":\"2020-12-11T17:35:41+00:00\",\"breadcrumb\":{\"@id\":\"https:\\\/\\\/erickpereira.com\\\/index.php\\\/news\\\/ministerio-publico-perde-uma-das-maiores-acoes-trabalhistas-do-rio-grande-do-norte\\\/#breadcrumb\"},\"inLanguage\":\"pt-BR\",\"potentialAction\":[{\"@type\":\"ReadAction\",\"target\":[\"https:\\\/\\\/erickpereira.com\\\/index.php\\\/news\\\/ministerio-publico-perde-uma-das-maiores-acoes-trabalhistas-do-rio-grande-do-norte\\\/\"]}]},{\"@type\":\"ImageObject\",\"inLanguage\":\"pt-BR\",\"@id\":\"https:\\\/\\\/erickpereira.com\\\/index.php\\\/news\\\/ministerio-publico-perde-uma-das-maiores-acoes-trabalhistas-do-rio-grande-do-norte\\\/#primaryimage\",\"url\":\"https:\\\/\\\/erickpereira.com\\\/wp-content\\\/uploads\\\/2020\\\/12\\\/coworkers-team-brainstorming.jpg\",\"contentUrl\":\"https:\\\/\\\/erickpereira.com\\\/wp-content\\\/uploads\\\/2020\\\/12\\\/coworkers-team-brainstorming.jpg\",\"width\":2200,\"height\":1238,\"caption\":\"Coworkers team brainstorming\"},{\"@type\":\"BreadcrumbList\",\"@id\":\"https:\\\/\\\/erickpereira.com\\\/index.php\\\/news\\\/ministerio-publico-perde-uma-das-maiores-acoes-trabalhistas-do-rio-grande-do-norte\\\/#breadcrumb\",\"itemListElement\":[{\"@type\":\"ListItem\",\"position\":1,\"name\":\"In\u00edcio\",\"item\":\"https:\\\/\\\/erickpereira.com\\\/\"},{\"@type\":\"ListItem\",\"position\":2,\"name\":\"Not\u00edcias\",\"item\":\"https:\\\/\\\/erickpereira.com\\\/index.php\\\/news\\\/\"},{\"@type\":\"ListItem\",\"position\":3,\"name\":\"Minist\u00e9rio P\u00fablico perde uma das maiores a\u00e7\u00f5es trabalhistas do Rio Grande do Norte\"}]},{\"@type\":\"WebSite\",\"@id\":\"https:\\\/\\\/erickpereira.com\\\/#website\",\"url\":\"https:\\\/\\\/erickpereira.com\\\/\",\"name\":\"Erick Pereira Advogados\",\"description\":\"Escrit\u00f3rio de Advocacia em Natal, Bras\u00edlia e S\u00e3o Paulo com s\u00f3lida reputa\u00e7\u00e3o em Direito Administrativo, Eleitoral, Penal e Trabalhista.\",\"potentialAction\":[{\"@type\":\"SearchAction\",\"target\":{\"@type\":\"EntryPoint\",\"urlTemplate\":\"https:\\\/\\\/erickpereira.com\\\/?s={search_term_string}\"},\"query-input\":{\"@type\":\"PropertyValueSpecification\",\"valueRequired\":true,\"valueName\":\"search_term_string\"}}],\"inLanguage\":\"pt-BR\"}]}<\/script>\n<!-- \/ Yoast SEO plugin. -->","yoast_head_json":{"title":"Minist\u00e9rio P\u00fablico perde uma das maiores a\u00e7\u00f5es trabalhistas do Rio Grande do Norte - Erick Pereira Advogados","robots":{"index":"index","follow":"follow","max-snippet":"max-snippet:-1","max-image-preview":"max-image-preview:large","max-video-preview":"max-video-preview:-1"},"canonical":"https:\/\/erickpereira.com\/index.php\/news\/ministerio-publico-perde-uma-das-maiores-acoes-trabalhistas-do-rio-grande-do-norte\/","og_locale":"pt_BR","og_type":"article","og_title":"Minist\u00e9rio P\u00fablico perde uma das maiores a\u00e7\u00f5es trabalhistas do Rio Grande do Norte - Erick Pereira Advogados","og_description":"11 de Dezembro de 2020 &#8211; Destaque &#8211; Autor: Reda\u00e7\u00e3o JuriNews Com buscas e apreens\u00f5es, com as participa\u00e7\u00f5es de policiais federais e de v\u00e1rios procuradores do Trabalho que fizeram inspe\u00e7\u00f5es e recolheram diversos documentos, o Minist\u00e9rio P\u00fablico do Trabalho perde uma das maiores a\u00e7\u00e3o civil p\u00fablica que pedia uma condena\u00e7\u00e3o de R$ 36 milh\u00f5es, valores [&hellip;]","og_url":"https:\/\/erickpereira.com\/index.php\/news\/ministerio-publico-perde-uma-das-maiores-acoes-trabalhistas-do-rio-grande-do-norte\/","og_site_name":"Erick Pereira Advogados","article_modified_time":"2020-12-11T17:35:41+00:00","og_image":[{"width":2200,"height":1238,"url":"https:\/\/erickpereira.com\/wp-content\/uploads\/2020\/12\/coworkers-team-brainstorming.jpg","type":"image\/jpeg"}],"twitter_card":"summary_large_image","twitter_misc":{"Est. tempo de leitura":"3 minutos"},"schema":{"@context":"https:\/\/schema.org","@graph":[{"@type":"WebPage","@id":"https:\/\/erickpereira.com\/index.php\/news\/ministerio-publico-perde-uma-das-maiores-acoes-trabalhistas-do-rio-grande-do-norte\/","url":"https:\/\/erickpereira.com\/index.php\/news\/ministerio-publico-perde-uma-das-maiores-acoes-trabalhistas-do-rio-grande-do-norte\/","name":"Minist\u00e9rio P\u00fablico perde uma das maiores a\u00e7\u00f5es trabalhistas do Rio Grande do Norte - Erick Pereira Advogados","isPartOf":{"@id":"https:\/\/erickpereira.com\/#website"},"primaryImageOfPage":{"@id":"https:\/\/erickpereira.com\/index.php\/news\/ministerio-publico-perde-uma-das-maiores-acoes-trabalhistas-do-rio-grande-do-norte\/#primaryimage"},"image":{"@id":"https:\/\/erickpereira.com\/index.php\/news\/ministerio-publico-perde-uma-das-maiores-acoes-trabalhistas-do-rio-grande-do-norte\/#primaryimage"},"thumbnailUrl":"https:\/\/erickpereira.com\/wp-content\/uploads\/2020\/12\/coworkers-team-brainstorming.jpg","datePublished":"2020-12-11T17:34:24+00:00","dateModified":"2020-12-11T17:35:41+00:00","breadcrumb":{"@id":"https:\/\/erickpereira.com\/index.php\/news\/ministerio-publico-perde-uma-das-maiores-acoes-trabalhistas-do-rio-grande-do-norte\/#breadcrumb"},"inLanguage":"pt-BR","potentialAction":[{"@type":"ReadAction","target":["https:\/\/erickpereira.com\/index.php\/news\/ministerio-publico-perde-uma-das-maiores-acoes-trabalhistas-do-rio-grande-do-norte\/"]}]},{"@type":"ImageObject","inLanguage":"pt-BR","@id":"https:\/\/erickpereira.com\/index.php\/news\/ministerio-publico-perde-uma-das-maiores-acoes-trabalhistas-do-rio-grande-do-norte\/#primaryimage","url":"https:\/\/erickpereira.com\/wp-content\/uploads\/2020\/12\/coworkers-team-brainstorming.jpg","contentUrl":"https:\/\/erickpereira.com\/wp-content\/uploads\/2020\/12\/coworkers-team-brainstorming.jpg","width":2200,"height":1238,"caption":"Coworkers team brainstorming"},{"@type":"BreadcrumbList","@id":"https:\/\/erickpereira.com\/index.php\/news\/ministerio-publico-perde-uma-das-maiores-acoes-trabalhistas-do-rio-grande-do-norte\/#breadcrumb","itemListElement":[{"@type":"ListItem","position":1,"name":"In\u00edcio","item":"https:\/\/erickpereira.com\/"},{"@type":"ListItem","position":2,"name":"Not\u00edcias","item":"https:\/\/erickpereira.com\/index.php\/news\/"},{"@type":"ListItem","position":3,"name":"Minist\u00e9rio P\u00fablico perde uma das maiores a\u00e7\u00f5es trabalhistas do Rio Grande do Norte"}]},{"@type":"WebSite","@id":"https:\/\/erickpereira.com\/#website","url":"https:\/\/erickpereira.com\/","name":"Erick Pereira Advogados","description":"Escrit\u00f3rio de Advocacia em Natal, Bras\u00edlia e S\u00e3o Paulo com s\u00f3lida reputa\u00e7\u00e3o em Direito Administrativo, Eleitoral, Penal e Trabalhista.","potentialAction":[{"@type":"SearchAction","target":{"@type":"EntryPoint","urlTemplate":"https:\/\/erickpereira.com\/?s={search_term_string}"},"query-input":{"@type":"PropertyValueSpecification","valueRequired":true,"valueName":"search_term_string"}}],"inLanguage":"pt-BR"}]}},"_links":{"self":[{"href":"https:\/\/erickpereira.com\/index.php\/wp-json\/wp\/v2\/news\/398","targetHints":{"allow":["GET"]}}],"collection":[{"href":"https:\/\/erickpereira.com\/index.php\/wp-json\/wp\/v2\/news"}],"about":[{"href":"https:\/\/erickpereira.com\/index.php\/wp-json\/wp\/v2\/types\/news"}],"wp:featuredmedia":[{"embeddable":true,"href":"https:\/\/erickpereira.com\/index.php\/wp-json\/wp\/v2\/media\/400"}],"wp:attachment":[{"href":"https:\/\/erickpereira.com\/index.php\/wp-json\/wp\/v2\/media?parent=398"}],"curies":[{"name":"wp","href":"https:\/\/api.w.org\/{rel}","templated":true}]}}