{"id":403,"date":"2020-12-18T19:53:34","date_gmt":"2020-12-18T19:53:34","guid":{"rendered":"https:\/\/erickpereira.com\/?post_type=news&#038;p=403"},"modified":"2020-12-18T19:53:35","modified_gmt":"2020-12-18T19:53:35","slug":"ao-julgar-acao-contra-o-ex-deputado-alvaro-dias-tj-decide-que-nao-ha-ilegalidade-em-trabalho-remoto-na-assembleia-legislativa","status":"publish","type":"news","link":"https:\/\/erickpereira.com\/index.php\/news\/ao-julgar-acao-contra-o-ex-deputado-alvaro-dias-tj-decide-que-nao-ha-ilegalidade-em-trabalho-remoto-na-assembleia-legislativa\/","title":{"rendered":"Ao julgar a\u00e7\u00e3o contra o ex-deputado \u00c1lvaro Dias, TJ decide que n\u00e3o h\u00e1 ilegalidade em trabalho remoto na Assembleia Legislativa"},"content":{"rendered":"\n<p><strong>18 de Dezembro de 2020 &#8211; Destaque &#8211; Autor: Blog &#8211; Thaisa Galv\u00e3o<\/strong><\/p>\n\n\n\n<p>O Tribunal de Justi\u00e7a do Rio Grande do Norte votou pela constitucionalidade da Lei 10.261\/2017 que permite que os gabinetes dos deputados da Assembleia Legislativa do Rio Grande do Norte possam ter funcion\u00e1rios que trabalhem de forma remota, fora do ambiente f\u00edsico da Assembleia.<\/p>\n\n\n\n<p>O desembargador Vivaldo Pinheiro, seguido pela unanimidade dos seus pares, julgou improcedente a\u00e7\u00e3o de improbidade contra o ent\u00e3o deputado e hoje prefeito de Natal, \u00c1lvaro Dias.<\/p>\n\n\n\n<p>Para o relator, os gabinetes s\u00e3o unidades autonomas e cabe a cada deputado administr\u00e1-lo. \u201cSucede que, o art. 1\u00b0 caput, e par\u00e1grafo \u00fanico da Lei no 9.485\/2011, revogada pela Lei no 10.261\/2017, determinava que os gabinetes dos deputados eram unidades aut\u00f4nomas, organizadas e dirigidas exclusivamente pelos respectivos deputados, de modo que cabia a cada um deles administrar o seu gabinete.<\/p>\n\n\n\n<p>O advogado Erick Pereira, que atuou na causa, afirma que houve exageros na interpreta\u00e7\u00e3o do que seriam funcion\u00e1rios fantasmas. \u201cO exagero de atacar ex e atuais deputados com interpreta\u00e7\u00f5es distorcidas do que seja funcion\u00e1rio fantasma, termina por banalizar as a\u00e7\u00f5es de improbidade.\u201d<\/p>\n\n\n\n<p>O julgamento do TJ, abre um precedente para garantir o trabalho remoto na Assembleia Legislativa, a exemplo do que j\u00e1 est\u00e1 regulamentado no Senado e na C\u00e2mara Federal e serve para v\u00e1rios outros processos em andamentos contra diversos ex-deputados.<\/p>\n\n\n\n<p>No entendimento do relator do processo, cabe a cada deputado estabelecer o hor\u00e1rio de funcionamento dos seus gabinetes presencial ou remotamente para melhor atender as necessidades do parlamentares.<\/p>\n\n\n\n<p>\u201cO art. 4\u00ba da Resolu\u00e7\u00e3o n\u00ba 009\/2015, permitia que as atividades fossem estabelecidas pelo servidor juntamente ao gabinete do deputado: O hor\u00e1rio de funcionamento dos servi\u00e7os das unidades aut\u00f4nomas atender\u00e1 a din\u00e2mica das atividades parlamentares do deputado, de modo a lhes assegurar apoio constante e eficaz.\u201d<\/p>\n","protected":false},"featured_media":404,"parent":0,"template":"","class_list":["post-403","news","type-news","status-publish","has-post-thumbnail","hentry"],"acf":[],"yoast_head":"<!-- This site is optimized with the Yoast SEO plugin v27.5 - https:\/\/yoast.com\/product\/yoast-seo-wordpress\/ -->\n<title>Ao julgar a\u00e7\u00e3o contra o ex-deputado \u00c1lvaro Dias, TJ decide que n\u00e3o h\u00e1 ilegalidade em trabalho remoto na Assembleia Legislativa - Erick Pereira Advogados<\/title>\n<meta name=\"robots\" content=\"index, follow, max-snippet:-1, max-image-preview:large, max-video-preview:-1\" \/>\n<link rel=\"canonical\" href=\"https:\/\/erickpereira.com\/index.php\/news\/ao-julgar-acao-contra-o-ex-deputado-alvaro-dias-tj-decide-que-nao-ha-ilegalidade-em-trabalho-remoto-na-assembleia-legislativa\/\" \/>\n<meta property=\"og:locale\" content=\"pt_BR\" \/>\n<meta property=\"og:type\" content=\"article\" \/>\n<meta property=\"og:title\" content=\"Ao julgar a\u00e7\u00e3o contra o ex-deputado \u00c1lvaro Dias, TJ decide que n\u00e3o h\u00e1 ilegalidade em trabalho remoto na Assembleia Legislativa - Erick Pereira Advogados\" \/>\n<meta property=\"og:description\" content=\"18 de Dezembro de 2020 &#8211; Destaque &#8211; Autor: Blog &#8211; Thaisa Galv\u00e3o O Tribunal de Justi\u00e7a do Rio Grande do Norte votou pela constitucionalidade da Lei 10.261\/2017 que permite que os gabinetes dos deputados da Assembleia Legislativa do Rio Grande do Norte possam ter funcion\u00e1rios que trabalhem de forma remota, fora do ambiente f\u00edsico [&hellip;]\" \/>\n<meta property=\"og:url\" content=\"https:\/\/erickpereira.com\/index.php\/news\/ao-julgar-acao-contra-o-ex-deputado-alvaro-dias-tj-decide-que-nao-ha-ilegalidade-em-trabalho-remoto-na-assembleia-legislativa\/\" \/>\n<meta property=\"og:site_name\" content=\"Erick Pereira Advogados\" \/>\n<meta property=\"article:modified_time\" content=\"2020-12-18T19:53:35+00:00\" \/>\n<meta property=\"og:image\" content=\"https:\/\/erickpereira.com\/wp-content\/uploads\/2020\/12\/working-at-the-office.jpg\" \/>\n\t<meta property=\"og:image:width\" content=\"1250\" \/>\n\t<meta property=\"og:image:height\" content=\"834\" \/>\n\t<meta property=\"og:image:type\" content=\"image\/jpeg\" \/>\n<meta name=\"twitter:card\" content=\"summary_large_image\" \/>\n<meta name=\"twitter:label1\" content=\"Est. tempo de leitura\" \/>\n\t<meta name=\"twitter:data1\" content=\"2 minutos\" \/>\n<script type=\"application\/ld+json\" class=\"yoast-schema-graph\">{\"@context\":\"https:\\\/\\\/schema.org\",\"@graph\":[{\"@type\":\"WebPage\",\"@id\":\"https:\\\/\\\/erickpereira.com\\\/index.php\\\/news\\\/ao-julgar-acao-contra-o-ex-deputado-alvaro-dias-tj-decide-que-nao-ha-ilegalidade-em-trabalho-remoto-na-assembleia-legislativa\\\/\",\"url\":\"https:\\\/\\\/erickpereira.com\\\/index.php\\\/news\\\/ao-julgar-acao-contra-o-ex-deputado-alvaro-dias-tj-decide-que-nao-ha-ilegalidade-em-trabalho-remoto-na-assembleia-legislativa\\\/\",\"name\":\"Ao julgar a\u00e7\u00e3o contra o ex-deputado \u00c1lvaro Dias, TJ decide que n\u00e3o h\u00e1 ilegalidade em trabalho remoto na Assembleia Legislativa - Erick Pereira Advogados\",\"isPartOf\":{\"@id\":\"https:\\\/\\\/erickpereira.com\\\/#website\"},\"primaryImageOfPage\":{\"@id\":\"https:\\\/\\\/erickpereira.com\\\/index.php\\\/news\\\/ao-julgar-acao-contra-o-ex-deputado-alvaro-dias-tj-decide-que-nao-ha-ilegalidade-em-trabalho-remoto-na-assembleia-legislativa\\\/#primaryimage\"},\"image\":{\"@id\":\"https:\\\/\\\/erickpereira.com\\\/index.php\\\/news\\\/ao-julgar-acao-contra-o-ex-deputado-alvaro-dias-tj-decide-que-nao-ha-ilegalidade-em-trabalho-remoto-na-assembleia-legislativa\\\/#primaryimage\"},\"thumbnailUrl\":\"https:\\\/\\\/erickpereira.com\\\/wp-content\\\/uploads\\\/2020\\\/12\\\/working-at-the-office.jpg\",\"datePublished\":\"2020-12-18T19:53:34+00:00\",\"dateModified\":\"2020-12-18T19:53:35+00:00\",\"breadcrumb\":{\"@id\":\"https:\\\/\\\/erickpereira.com\\\/index.php\\\/news\\\/ao-julgar-acao-contra-o-ex-deputado-alvaro-dias-tj-decide-que-nao-ha-ilegalidade-em-trabalho-remoto-na-assembleia-legislativa\\\/#breadcrumb\"},\"inLanguage\":\"pt-BR\",\"potentialAction\":[{\"@type\":\"ReadAction\",\"target\":[\"https:\\\/\\\/erickpereira.com\\\/index.php\\\/news\\\/ao-julgar-acao-contra-o-ex-deputado-alvaro-dias-tj-decide-que-nao-ha-ilegalidade-em-trabalho-remoto-na-assembleia-legislativa\\\/\"]}]},{\"@type\":\"ImageObject\",\"inLanguage\":\"pt-BR\",\"@id\":\"https:\\\/\\\/erickpereira.com\\\/index.php\\\/news\\\/ao-julgar-acao-contra-o-ex-deputado-alvaro-dias-tj-decide-que-nao-ha-ilegalidade-em-trabalho-remoto-na-assembleia-legislativa\\\/#primaryimage\",\"url\":\"https:\\\/\\\/erickpereira.com\\\/wp-content\\\/uploads\\\/2020\\\/12\\\/working-at-the-office.jpg\",\"contentUrl\":\"https:\\\/\\\/erickpereira.com\\\/wp-content\\\/uploads\\\/2020\\\/12\\\/working-at-the-office.jpg\",\"width\":1250,\"height\":834,\"caption\":\"Close-up woman hands typing on laptop in office.\"},{\"@type\":\"BreadcrumbList\",\"@id\":\"https:\\\/\\\/erickpereira.com\\\/index.php\\\/news\\\/ao-julgar-acao-contra-o-ex-deputado-alvaro-dias-tj-decide-que-nao-ha-ilegalidade-em-trabalho-remoto-na-assembleia-legislativa\\\/#breadcrumb\",\"itemListElement\":[{\"@type\":\"ListItem\",\"position\":1,\"name\":\"In\u00edcio\",\"item\":\"https:\\\/\\\/erickpereira.com\\\/\"},{\"@type\":\"ListItem\",\"position\":2,\"name\":\"Not\u00edcias\",\"item\":\"https:\\\/\\\/erickpereira.com\\\/index.php\\\/news\\\/\"},{\"@type\":\"ListItem\",\"position\":3,\"name\":\"Ao julgar a\u00e7\u00e3o contra o ex-deputado \u00c1lvaro Dias, TJ decide que n\u00e3o h\u00e1 ilegalidade em trabalho remoto na Assembleia Legislativa\"}]},{\"@type\":\"WebSite\",\"@id\":\"https:\\\/\\\/erickpereira.com\\\/#website\",\"url\":\"https:\\\/\\\/erickpereira.com\\\/\",\"name\":\"Erick Pereira Advogados\",\"description\":\"Escrit\u00f3rio de Advocacia em Natal, Bras\u00edlia e S\u00e3o Paulo com s\u00f3lida reputa\u00e7\u00e3o em Direito Administrativo, Eleitoral, Penal e Trabalhista.\",\"potentialAction\":[{\"@type\":\"SearchAction\",\"target\":{\"@type\":\"EntryPoint\",\"urlTemplate\":\"https:\\\/\\\/erickpereira.com\\\/?s={search_term_string}\"},\"query-input\":{\"@type\":\"PropertyValueSpecification\",\"valueRequired\":true,\"valueName\":\"search_term_string\"}}],\"inLanguage\":\"pt-BR\"}]}<\/script>\n<!-- \/ Yoast SEO plugin. -->","yoast_head_json":{"title":"Ao julgar a\u00e7\u00e3o contra o ex-deputado \u00c1lvaro Dias, TJ decide que n\u00e3o h\u00e1 ilegalidade em trabalho remoto na Assembleia Legislativa - Erick Pereira Advogados","robots":{"index":"index","follow":"follow","max-snippet":"max-snippet:-1","max-image-preview":"max-image-preview:large","max-video-preview":"max-video-preview:-1"},"canonical":"https:\/\/erickpereira.com\/index.php\/news\/ao-julgar-acao-contra-o-ex-deputado-alvaro-dias-tj-decide-que-nao-ha-ilegalidade-em-trabalho-remoto-na-assembleia-legislativa\/","og_locale":"pt_BR","og_type":"article","og_title":"Ao julgar a\u00e7\u00e3o contra o ex-deputado \u00c1lvaro Dias, TJ decide que n\u00e3o h\u00e1 ilegalidade em trabalho remoto na Assembleia Legislativa - Erick Pereira Advogados","og_description":"18 de Dezembro de 2020 &#8211; Destaque &#8211; Autor: Blog &#8211; Thaisa Galv\u00e3o O Tribunal de Justi\u00e7a do Rio Grande do Norte votou pela constitucionalidade da Lei 10.261\/2017 que permite que os gabinetes dos deputados da Assembleia Legislativa do Rio Grande do Norte possam ter funcion\u00e1rios que trabalhem de forma remota, fora do ambiente f\u00edsico [&hellip;]","og_url":"https:\/\/erickpereira.com\/index.php\/news\/ao-julgar-acao-contra-o-ex-deputado-alvaro-dias-tj-decide-que-nao-ha-ilegalidade-em-trabalho-remoto-na-assembleia-legislativa\/","og_site_name":"Erick Pereira Advogados","article_modified_time":"2020-12-18T19:53:35+00:00","og_image":[{"width":1250,"height":834,"url":"https:\/\/erickpereira.com\/wp-content\/uploads\/2020\/12\/working-at-the-office.jpg","type":"image\/jpeg"}],"twitter_card":"summary_large_image","twitter_misc":{"Est. tempo de leitura":"2 minutos"},"schema":{"@context":"https:\/\/schema.org","@graph":[{"@type":"WebPage","@id":"https:\/\/erickpereira.com\/index.php\/news\/ao-julgar-acao-contra-o-ex-deputado-alvaro-dias-tj-decide-que-nao-ha-ilegalidade-em-trabalho-remoto-na-assembleia-legislativa\/","url":"https:\/\/erickpereira.com\/index.php\/news\/ao-julgar-acao-contra-o-ex-deputado-alvaro-dias-tj-decide-que-nao-ha-ilegalidade-em-trabalho-remoto-na-assembleia-legislativa\/","name":"Ao julgar a\u00e7\u00e3o contra o ex-deputado \u00c1lvaro Dias, TJ decide que n\u00e3o h\u00e1 ilegalidade em trabalho remoto na Assembleia Legislativa - Erick Pereira Advogados","isPartOf":{"@id":"https:\/\/erickpereira.com\/#website"},"primaryImageOfPage":{"@id":"https:\/\/erickpereira.com\/index.php\/news\/ao-julgar-acao-contra-o-ex-deputado-alvaro-dias-tj-decide-que-nao-ha-ilegalidade-em-trabalho-remoto-na-assembleia-legislativa\/#primaryimage"},"image":{"@id":"https:\/\/erickpereira.com\/index.php\/news\/ao-julgar-acao-contra-o-ex-deputado-alvaro-dias-tj-decide-que-nao-ha-ilegalidade-em-trabalho-remoto-na-assembleia-legislativa\/#primaryimage"},"thumbnailUrl":"https:\/\/erickpereira.com\/wp-content\/uploads\/2020\/12\/working-at-the-office.jpg","datePublished":"2020-12-18T19:53:34+00:00","dateModified":"2020-12-18T19:53:35+00:00","breadcrumb":{"@id":"https:\/\/erickpereira.com\/index.php\/news\/ao-julgar-acao-contra-o-ex-deputado-alvaro-dias-tj-decide-que-nao-ha-ilegalidade-em-trabalho-remoto-na-assembleia-legislativa\/#breadcrumb"},"inLanguage":"pt-BR","potentialAction":[{"@type":"ReadAction","target":["https:\/\/erickpereira.com\/index.php\/news\/ao-julgar-acao-contra-o-ex-deputado-alvaro-dias-tj-decide-que-nao-ha-ilegalidade-em-trabalho-remoto-na-assembleia-legislativa\/"]}]},{"@type":"ImageObject","inLanguage":"pt-BR","@id":"https:\/\/erickpereira.com\/index.php\/news\/ao-julgar-acao-contra-o-ex-deputado-alvaro-dias-tj-decide-que-nao-ha-ilegalidade-em-trabalho-remoto-na-assembleia-legislativa\/#primaryimage","url":"https:\/\/erickpereira.com\/wp-content\/uploads\/2020\/12\/working-at-the-office.jpg","contentUrl":"https:\/\/erickpereira.com\/wp-content\/uploads\/2020\/12\/working-at-the-office.jpg","width":1250,"height":834,"caption":"Close-up woman hands typing on laptop in office."},{"@type":"BreadcrumbList","@id":"https:\/\/erickpereira.com\/index.php\/news\/ao-julgar-acao-contra-o-ex-deputado-alvaro-dias-tj-decide-que-nao-ha-ilegalidade-em-trabalho-remoto-na-assembleia-legislativa\/#breadcrumb","itemListElement":[{"@type":"ListItem","position":1,"name":"In\u00edcio","item":"https:\/\/erickpereira.com\/"},{"@type":"ListItem","position":2,"name":"Not\u00edcias","item":"https:\/\/erickpereira.com\/index.php\/news\/"},{"@type":"ListItem","position":3,"name":"Ao julgar a\u00e7\u00e3o contra o ex-deputado \u00c1lvaro Dias, TJ decide que n\u00e3o h\u00e1 ilegalidade em trabalho remoto na Assembleia Legislativa"}]},{"@type":"WebSite","@id":"https:\/\/erickpereira.com\/#website","url":"https:\/\/erickpereira.com\/","name":"Erick Pereira Advogados","description":"Escrit\u00f3rio de Advocacia em Natal, Bras\u00edlia e S\u00e3o Paulo com s\u00f3lida reputa\u00e7\u00e3o em Direito Administrativo, Eleitoral, Penal e Trabalhista.","potentialAction":[{"@type":"SearchAction","target":{"@type":"EntryPoint","urlTemplate":"https:\/\/erickpereira.com\/?s={search_term_string}"},"query-input":{"@type":"PropertyValueSpecification","valueRequired":true,"valueName":"search_term_string"}}],"inLanguage":"pt-BR"}]}},"_links":{"self":[{"href":"https:\/\/erickpereira.com\/index.php\/wp-json\/wp\/v2\/news\/403","targetHints":{"allow":["GET"]}}],"collection":[{"href":"https:\/\/erickpereira.com\/index.php\/wp-json\/wp\/v2\/news"}],"about":[{"href":"https:\/\/erickpereira.com\/index.php\/wp-json\/wp\/v2\/types\/news"}],"wp:featuredmedia":[{"embeddable":true,"href":"https:\/\/erickpereira.com\/index.php\/wp-json\/wp\/v2\/media\/404"}],"wp:attachment":[{"href":"https:\/\/erickpereira.com\/index.php\/wp-json\/wp\/v2\/media?parent=403"}],"curies":[{"name":"wp","href":"https:\/\/api.w.org\/{rel}","templated":true}]}}