{"id":434,"date":"2021-04-08T19:52:05","date_gmt":"2021-04-08T19:52:05","guid":{"rendered":"https:\/\/erickpereira.com\/?post_type=news&#038;p=434"},"modified":"2021-04-08T20:04:38","modified_gmt":"2021-04-08T20:04:38","slug":"flavio-rocha-e-absolvido-em-processo-de-injuria-pelas-redes-sociais","status":"publish","type":"news","link":"https:\/\/erickpereira.com\/index.php\/news\/flavio-rocha-e-absolvido-em-processo-de-injuria-pelas-redes-sociais\/","title":{"rendered":"Fl\u00e1vio Rocha \u00e9 absolvido em processo de inj\u00faria pelas redes sociais"},"content":{"rendered":"\n<p><em><strong>Mat\u00e9ria reproduzida de: VEJA &#8211; Por Robson Bonin <br>Foto: Lucas Lacaz Ruiz\/A13\/Ag\u00eancia<\/strong><\/em><\/p>\n\n\n\n<p><em>Caso come\u00e7ou em 2018, quando Rocha usou as redes sociais para criticar uma a\u00e7\u00e3o proposta pela procuradora  <\/em><\/p>\n\n\n\n<p>O empres\u00e1rio Fl\u00e1vio Rocha, da Riachuelo, se livrou nesta ter\u00e7a pelo Tribunal Regional Federal da 5\u00aa Regi\u00e3o no processo em que era acusado de inj\u00faria pela procuradora Ileana Neiva Mousinho, do Minist\u00e9rio P\u00fablico do Trabalho.<\/p>\n\n\n\n<p>O desembargador Bruno Carr\u00e1 afirmou que Rocha e a procuradora estavam envolvidos em um debate \u201c\u00e0 flor da pele\u201d em que, de um lado, o empres\u00e1rio poderia ter uma perda de patrim\u00f4nio, enquanto do outro lado, a procuradora apresentava uma \u201cvis\u00e3o mais socializada da vida\u201d.<\/p>\n\n\n\n<p>\u201cEnt\u00e3o era um fluxo e contrafluxo que gera esse embate. Se a gente come\u00e7a a querer que as pessoas se calem\u2026 Liberdade de express\u00e3o \u00e9 um direito para voc\u00ea poder incomodar\u201d, afirmou o desembargador. Os outros dois desembargadores da 4\u00aa Turma do TRF-5, Vladimir Carvalho e Frederico Dantas, tamb\u00e9m votaram em favor de Rocha.<\/p>\n\n\n\n<p>O caso come\u00e7ou em 2018, quando Rocha usou as redes sociais para criticar uma a\u00e7\u00e3o proposta pela procuradora contra a empresa t\u00eaxtil Guararapes, controladora da Riachuelo. Nos posts, ele se referiu a ela como &#8220;perseguidora&#8221; e &#8220;exterminadora de empregos&#8221;.<\/p>\n\n\n\n<p>Na \u00e9poca, o juiz federal de primeira inst\u00e2ncia Walter Nunes da Silva J\u00fanior, da 2\u00aa Vara Federal do Rio Grande do Norte, absolveu Fl\u00e1vio Rocha das acusa\u00e7\u00f5es de cal\u00fania e coa\u00e7\u00e3o, mas o condenou a indenizar a procuradora em 153.000 reais por inj\u00faria. Agora, o TRF5, \u00f3rg\u00e3o colegiado de segunda inst\u00e2ncia, reformou a decis\u00e3o e absolveu o empres\u00e1rio, defendido pelo advogado <strong>Erick Pereira<\/strong>.<\/p>\n\n\n\n<p>ATUALIZA\u00c7\u00c3O, 14H de 8\/4\/2021 \u2014 Sobre a nota, a assessoria do Minist\u00e9rio P\u00fablico do Trabalho no Rio Grande do Norte enviou o seguinte esclarecimento: <em>\u201cA decis\u00e3o desta semana se deu em fun\u00e7\u00e3o de recurso de senten\u00e7a da Justi\u00e7a Federal do Rio Grande do Norte. O juiz federal de primeira inst\u00e2ncia Walter Nunes da Silva J\u00fanior absolveu Fl\u00e1vio Rocha das acusa\u00e7\u00f5es de cal\u00fania e coa\u00e7\u00e3o, mas o condenou a pelo crime de inj\u00faria, convertendo a pena privativa de liberdade em pena de multa, e ainda condenando em indeniza\u00e7\u00e3o pelo dano, totalizando 153.000 reais por inj\u00faria. Agora, o TRF5, \u00f3rg\u00e3o colegiado de segunda inst\u00e2ncia, sem reformar a decis\u00e3o, pois n\u00e3o en-trou no m\u00e9rito, declarou, preliminarmente, a perda da pretens\u00e3o punitiva, pela prescri\u00e7\u00e3o, ou seja, decurso do tempo entre a senten\u00e7a e a aprecia\u00e7\u00e3o do fato pelo tribunal. Portanto, apesar de a mat\u00e9ria afirmar que o empres\u00e1rio Fl\u00e1vio Rocha fora \u2018absolvido\u2019, o correto \u00e9 dizer que o crime prescreveu e, portanto, n\u00e3o p\u00f4de haver an\u00e1lise do m\u00e9rito nesse processo. Se fosse para julgar o m\u00e9rito, o relator, desembargador Frederico Wildson Dantas, indicou que manteria a condena\u00e7\u00e3o ao crime de inj\u00faria, com aplica\u00e7\u00e3o de multa\u201d.<\/em><\/p>\n","protected":false},"featured_media":435,"parent":0,"template":"","class_list":["post-434","news","type-news","status-publish","has-post-thumbnail","hentry"],"acf":[],"yoast_head":"<!-- This site is optimized with the Yoast SEO plugin v27.5 - https:\/\/yoast.com\/product\/yoast-seo-wordpress\/ -->\n<title>Fl\u00e1vio Rocha \u00e9 absolvido em processo de inj\u00faria pelas redes sociais - Erick Pereira Advogados<\/title>\n<meta name=\"robots\" content=\"index, follow, max-snippet:-1, max-image-preview:large, max-video-preview:-1\" \/>\n<link rel=\"canonical\" href=\"https:\/\/erickpereira.com\/index.php\/news\/flavio-rocha-e-absolvido-em-processo-de-injuria-pelas-redes-sociais\/\" \/>\n<meta property=\"og:locale\" content=\"pt_BR\" \/>\n<meta property=\"og:type\" content=\"article\" \/>\n<meta property=\"og:title\" content=\"Fl\u00e1vio Rocha \u00e9 absolvido em processo de inj\u00faria pelas redes sociais - Erick Pereira Advogados\" \/>\n<meta property=\"og:description\" content=\"Mat\u00e9ria reproduzida de: VEJA &#8211; Por Robson Bonin Foto: Lucas Lacaz Ruiz\/A13\/Ag\u00eancia Caso come\u00e7ou em 2018, quando Rocha usou as redes sociais para criticar uma a\u00e7\u00e3o proposta pela procuradora O empres\u00e1rio Fl\u00e1vio Rocha, da Riachuelo, se livrou nesta ter\u00e7a pelo Tribunal Regional Federal da 5\u00aa Regi\u00e3o no processo em que era acusado de inj\u00faria pela [&hellip;]\" \/>\n<meta property=\"og:url\" content=\"https:\/\/erickpereira.com\/index.php\/news\/flavio-rocha-e-absolvido-em-processo-de-injuria-pelas-redes-sociais\/\" \/>\n<meta property=\"og:site_name\" content=\"Erick Pereira Advogados\" \/>\n<meta property=\"article:modified_time\" content=\"2021-04-08T20:04:38+00:00\" \/>\n<meta property=\"og:image\" content=\"https:\/\/erickpereira.com\/wp-content\/uploads\/2021\/04\/Captura-de-tela-de-2021-04-08-16-50-56.png\" \/>\n\t<meta property=\"og:image:width\" content=\"845\" \/>\n\t<meta property=\"og:image:height\" content=\"558\" \/>\n\t<meta property=\"og:image:type\" content=\"image\/png\" \/>\n<meta name=\"twitter:card\" content=\"summary_large_image\" \/>\n<meta name=\"twitter:label1\" content=\"Est. tempo de leitura\" \/>\n\t<meta name=\"twitter:data1\" content=\"3 minutos\" \/>\n<script type=\"application\/ld+json\" class=\"yoast-schema-graph\">{\"@context\":\"https:\\\/\\\/schema.org\",\"@graph\":[{\"@type\":\"WebPage\",\"@id\":\"https:\\\/\\\/erickpereira.com\\\/index.php\\\/news\\\/flavio-rocha-e-absolvido-em-processo-de-injuria-pelas-redes-sociais\\\/\",\"url\":\"https:\\\/\\\/erickpereira.com\\\/index.php\\\/news\\\/flavio-rocha-e-absolvido-em-processo-de-injuria-pelas-redes-sociais\\\/\",\"name\":\"Fl\u00e1vio Rocha \u00e9 absolvido em processo de inj\u00faria pelas redes sociais - Erick Pereira Advogados\",\"isPartOf\":{\"@id\":\"https:\\\/\\\/erickpereira.com\\\/#website\"},\"primaryImageOfPage\":{\"@id\":\"https:\\\/\\\/erickpereira.com\\\/index.php\\\/news\\\/flavio-rocha-e-absolvido-em-processo-de-injuria-pelas-redes-sociais\\\/#primaryimage\"},\"image\":{\"@id\":\"https:\\\/\\\/erickpereira.com\\\/index.php\\\/news\\\/flavio-rocha-e-absolvido-em-processo-de-injuria-pelas-redes-sociais\\\/#primaryimage\"},\"thumbnailUrl\":\"https:\\\/\\\/erickpereira.com\\\/wp-content\\\/uploads\\\/2021\\\/04\\\/Captura-de-tela-de-2021-04-08-16-50-56.png\",\"datePublished\":\"2021-04-08T19:52:05+00:00\",\"dateModified\":\"2021-04-08T20:04:38+00:00\",\"breadcrumb\":{\"@id\":\"https:\\\/\\\/erickpereira.com\\\/index.php\\\/news\\\/flavio-rocha-e-absolvido-em-processo-de-injuria-pelas-redes-sociais\\\/#breadcrumb\"},\"inLanguage\":\"pt-BR\",\"potentialAction\":[{\"@type\":\"ReadAction\",\"target\":[\"https:\\\/\\\/erickpereira.com\\\/index.php\\\/news\\\/flavio-rocha-e-absolvido-em-processo-de-injuria-pelas-redes-sociais\\\/\"]}]},{\"@type\":\"ImageObject\",\"inLanguage\":\"pt-BR\",\"@id\":\"https:\\\/\\\/erickpereira.com\\\/index.php\\\/news\\\/flavio-rocha-e-absolvido-em-processo-de-injuria-pelas-redes-sociais\\\/#primaryimage\",\"url\":\"https:\\\/\\\/erickpereira.com\\\/wp-content\\\/uploads\\\/2021\\\/04\\\/Captura-de-tela-de-2021-04-08-16-50-56.png\",\"contentUrl\":\"https:\\\/\\\/erickpereira.com\\\/wp-content\\\/uploads\\\/2021\\\/04\\\/Captura-de-tela-de-2021-04-08-16-50-56.png\",\"width\":845,\"height\":558},{\"@type\":\"BreadcrumbList\",\"@id\":\"https:\\\/\\\/erickpereira.com\\\/index.php\\\/news\\\/flavio-rocha-e-absolvido-em-processo-de-injuria-pelas-redes-sociais\\\/#breadcrumb\",\"itemListElement\":[{\"@type\":\"ListItem\",\"position\":1,\"name\":\"In\u00edcio\",\"item\":\"https:\\\/\\\/erickpereira.com\\\/\"},{\"@type\":\"ListItem\",\"position\":2,\"name\":\"Not\u00edcias\",\"item\":\"https:\\\/\\\/erickpereira.com\\\/index.php\\\/news\\\/\"},{\"@type\":\"ListItem\",\"position\":3,\"name\":\"Fl\u00e1vio Rocha \u00e9 absolvido em processo de inj\u00faria pelas redes sociais\"}]},{\"@type\":\"WebSite\",\"@id\":\"https:\\\/\\\/erickpereira.com\\\/#website\",\"url\":\"https:\\\/\\\/erickpereira.com\\\/\",\"name\":\"Erick Pereira Advogados\",\"description\":\"Escrit\u00f3rio de Advocacia em Natal, Bras\u00edlia e S\u00e3o Paulo com s\u00f3lida reputa\u00e7\u00e3o em Direito Administrativo, Eleitoral, Penal e Trabalhista.\",\"potentialAction\":[{\"@type\":\"SearchAction\",\"target\":{\"@type\":\"EntryPoint\",\"urlTemplate\":\"https:\\\/\\\/erickpereira.com\\\/?s={search_term_string}\"},\"query-input\":{\"@type\":\"PropertyValueSpecification\",\"valueRequired\":true,\"valueName\":\"search_term_string\"}}],\"inLanguage\":\"pt-BR\"}]}<\/script>\n<!-- \/ Yoast SEO plugin. -->","yoast_head_json":{"title":"Fl\u00e1vio Rocha \u00e9 absolvido em processo de inj\u00faria pelas redes sociais - Erick Pereira Advogados","robots":{"index":"index","follow":"follow","max-snippet":"max-snippet:-1","max-image-preview":"max-image-preview:large","max-video-preview":"max-video-preview:-1"},"canonical":"https:\/\/erickpereira.com\/index.php\/news\/flavio-rocha-e-absolvido-em-processo-de-injuria-pelas-redes-sociais\/","og_locale":"pt_BR","og_type":"article","og_title":"Fl\u00e1vio Rocha \u00e9 absolvido em processo de inj\u00faria pelas redes sociais - Erick Pereira Advogados","og_description":"Mat\u00e9ria reproduzida de: VEJA &#8211; Por Robson Bonin Foto: Lucas Lacaz Ruiz\/A13\/Ag\u00eancia Caso come\u00e7ou em 2018, quando Rocha usou as redes sociais para criticar uma a\u00e7\u00e3o proposta pela procuradora O empres\u00e1rio Fl\u00e1vio Rocha, da Riachuelo, se livrou nesta ter\u00e7a pelo Tribunal Regional Federal da 5\u00aa Regi\u00e3o no processo em que era acusado de inj\u00faria pela [&hellip;]","og_url":"https:\/\/erickpereira.com\/index.php\/news\/flavio-rocha-e-absolvido-em-processo-de-injuria-pelas-redes-sociais\/","og_site_name":"Erick Pereira Advogados","article_modified_time":"2021-04-08T20:04:38+00:00","og_image":[{"width":845,"height":558,"url":"https:\/\/erickpereira.com\/wp-content\/uploads\/2021\/04\/Captura-de-tela-de-2021-04-08-16-50-56.png","type":"image\/png"}],"twitter_card":"summary_large_image","twitter_misc":{"Est. tempo de leitura":"3 minutos"},"schema":{"@context":"https:\/\/schema.org","@graph":[{"@type":"WebPage","@id":"https:\/\/erickpereira.com\/index.php\/news\/flavio-rocha-e-absolvido-em-processo-de-injuria-pelas-redes-sociais\/","url":"https:\/\/erickpereira.com\/index.php\/news\/flavio-rocha-e-absolvido-em-processo-de-injuria-pelas-redes-sociais\/","name":"Fl\u00e1vio Rocha \u00e9 absolvido em processo de inj\u00faria pelas redes sociais - Erick Pereira Advogados","isPartOf":{"@id":"https:\/\/erickpereira.com\/#website"},"primaryImageOfPage":{"@id":"https:\/\/erickpereira.com\/index.php\/news\/flavio-rocha-e-absolvido-em-processo-de-injuria-pelas-redes-sociais\/#primaryimage"},"image":{"@id":"https:\/\/erickpereira.com\/index.php\/news\/flavio-rocha-e-absolvido-em-processo-de-injuria-pelas-redes-sociais\/#primaryimage"},"thumbnailUrl":"https:\/\/erickpereira.com\/wp-content\/uploads\/2021\/04\/Captura-de-tela-de-2021-04-08-16-50-56.png","datePublished":"2021-04-08T19:52:05+00:00","dateModified":"2021-04-08T20:04:38+00:00","breadcrumb":{"@id":"https:\/\/erickpereira.com\/index.php\/news\/flavio-rocha-e-absolvido-em-processo-de-injuria-pelas-redes-sociais\/#breadcrumb"},"inLanguage":"pt-BR","potentialAction":[{"@type":"ReadAction","target":["https:\/\/erickpereira.com\/index.php\/news\/flavio-rocha-e-absolvido-em-processo-de-injuria-pelas-redes-sociais\/"]}]},{"@type":"ImageObject","inLanguage":"pt-BR","@id":"https:\/\/erickpereira.com\/index.php\/news\/flavio-rocha-e-absolvido-em-processo-de-injuria-pelas-redes-sociais\/#primaryimage","url":"https:\/\/erickpereira.com\/wp-content\/uploads\/2021\/04\/Captura-de-tela-de-2021-04-08-16-50-56.png","contentUrl":"https:\/\/erickpereira.com\/wp-content\/uploads\/2021\/04\/Captura-de-tela-de-2021-04-08-16-50-56.png","width":845,"height":558},{"@type":"BreadcrumbList","@id":"https:\/\/erickpereira.com\/index.php\/news\/flavio-rocha-e-absolvido-em-processo-de-injuria-pelas-redes-sociais\/#breadcrumb","itemListElement":[{"@type":"ListItem","position":1,"name":"In\u00edcio","item":"https:\/\/erickpereira.com\/"},{"@type":"ListItem","position":2,"name":"Not\u00edcias","item":"https:\/\/erickpereira.com\/index.php\/news\/"},{"@type":"ListItem","position":3,"name":"Fl\u00e1vio Rocha \u00e9 absolvido em processo de inj\u00faria pelas redes sociais"}]},{"@type":"WebSite","@id":"https:\/\/erickpereira.com\/#website","url":"https:\/\/erickpereira.com\/","name":"Erick Pereira Advogados","description":"Escrit\u00f3rio de Advocacia em Natal, Bras\u00edlia e S\u00e3o Paulo com s\u00f3lida reputa\u00e7\u00e3o em Direito Administrativo, Eleitoral, Penal e Trabalhista.","potentialAction":[{"@type":"SearchAction","target":{"@type":"EntryPoint","urlTemplate":"https:\/\/erickpereira.com\/?s={search_term_string}"},"query-input":{"@type":"PropertyValueSpecification","valueRequired":true,"valueName":"search_term_string"}}],"inLanguage":"pt-BR"}]}},"_links":{"self":[{"href":"https:\/\/erickpereira.com\/index.php\/wp-json\/wp\/v2\/news\/434","targetHints":{"allow":["GET"]}}],"collection":[{"href":"https:\/\/erickpereira.com\/index.php\/wp-json\/wp\/v2\/news"}],"about":[{"href":"https:\/\/erickpereira.com\/index.php\/wp-json\/wp\/v2\/types\/news"}],"wp:featuredmedia":[{"embeddable":true,"href":"https:\/\/erickpereira.com\/index.php\/wp-json\/wp\/v2\/media\/435"}],"wp:attachment":[{"href":"https:\/\/erickpereira.com\/index.php\/wp-json\/wp\/v2\/media?parent=434"}],"curies":[{"name":"wp","href":"https:\/\/api.w.org\/{rel}","templated":true}]}}