{"id":490,"date":"2021-10-11T19:20:22","date_gmt":"2021-10-11T19:20:22","guid":{"rendered":"https:\/\/erickpereira.com\/?post_type=news&#038;p=490"},"modified":"2021-10-11T19:20:23","modified_gmt":"2021-10-11T19:20:23","slug":"entrevista-sobre-eleicoes-2022-com-o-especialista-dr-erick-pereira","status":"publish","type":"news","link":"https:\/\/erickpereira.com\/index.php\/news\/entrevista-sobre-eleicoes-2022-com-o-especialista-dr-erick-pereira\/","title":{"rendered":"Entrevista sobre elei\u00e7\u00f5es 2022 com o especialista Dr Erick Pereira"},"content":{"rendered":"\n<p><strong><em>Mat\u00e9ria reproduzida de: Globo &#8211; Por RN TV 2\u00aa Edi\u00e7\u00e3o<\/em><\/strong><\/p>\n\n\n\n<p>Entrevista com o especialista em direito eleitoral, <strong>Dr. Erick Pereira.<\/strong><\/p>\n\n\n\n<p><a href=\"https:\/\/globoplay.globo.com\/v\/9932683\/\" target=\"_blank\" rel=\"noreferrer noopener\" aria-label=\"Assista aqui.  (abre numa nova aba)\">Assista aqui. <\/a><\/p>\n","protected":false},"featured_media":491,"parent":0,"template":"","class_list":["post-490","news","type-news","status-publish","has-post-thumbnail","hentry"],"acf":[],"yoast_head":"<!-- This site is optimized with the Yoast SEO plugin v27.5 - https:\/\/yoast.com\/product\/yoast-seo-wordpress\/ -->\n<title>Entrevista sobre elei\u00e7\u00f5es 2022 com o especialista Dr Erick Pereira - Erick Pereira Advogados<\/title>\n<meta name=\"robots\" content=\"index, follow, max-snippet:-1, max-image-preview:large, max-video-preview:-1\" \/>\n<link rel=\"canonical\" href=\"https:\/\/erickpereira.com\/index.php\/news\/entrevista-sobre-eleicoes-2022-com-o-especialista-dr-erick-pereira\/\" \/>\n<meta property=\"og:locale\" content=\"pt_BR\" \/>\n<meta property=\"og:type\" content=\"article\" \/>\n<meta property=\"og:title\" content=\"Entrevista sobre elei\u00e7\u00f5es 2022 com o especialista Dr Erick Pereira - Erick Pereira Advogados\" \/>\n<meta property=\"og:description\" content=\"Mat\u00e9ria reproduzida de: Globo &#8211; Por RN TV 2\u00aa Edi\u00e7\u00e3o Entrevista com o especialista em direito eleitoral, Dr. Erick Pereira. Assista aqui.\" \/>\n<meta property=\"og:url\" content=\"https:\/\/erickpereira.com\/index.php\/news\/entrevista-sobre-eleicoes-2022-com-o-especialista-dr-erick-pereira\/\" \/>\n<meta property=\"og:site_name\" content=\"Erick Pereira Advogados\" \/>\n<meta property=\"article:modified_time\" content=\"2021-10-11T19:20:23+00:00\" \/>\n<meta property=\"og:image\" content=\"https:\/\/erickpereira.com\/wp-content\/uploads\/2021\/10\/Captura-de-tela-de-2021-10-11-16-16-58.png\" \/>\n\t<meta property=\"og:image:width\" content=\"996\" \/>\n\t<meta property=\"og:image:height\" content=\"556\" \/>\n\t<meta property=\"og:image:type\" content=\"image\/png\" \/>\n<meta name=\"twitter:card\" content=\"summary_large_image\" \/>\n<script type=\"application\/ld+json\" class=\"yoast-schema-graph\">{\"@context\":\"https:\\\/\\\/schema.org\",\"@graph\":[{\"@type\":\"WebPage\",\"@id\":\"https:\\\/\\\/erickpereira.com\\\/index.php\\\/news\\\/entrevista-sobre-eleicoes-2022-com-o-especialista-dr-erick-pereira\\\/\",\"url\":\"https:\\\/\\\/erickpereira.com\\\/index.php\\\/news\\\/entrevista-sobre-eleicoes-2022-com-o-especialista-dr-erick-pereira\\\/\",\"name\":\"Entrevista sobre elei\u00e7\u00f5es 2022 com o especialista Dr Erick Pereira - Erick Pereira Advogados\",\"isPartOf\":{\"@id\":\"https:\\\/\\\/erickpereira.com\\\/#website\"},\"primaryImageOfPage\":{\"@id\":\"https:\\\/\\\/erickpereira.com\\\/index.php\\\/news\\\/entrevista-sobre-eleicoes-2022-com-o-especialista-dr-erick-pereira\\\/#primaryimage\"},\"image\":{\"@id\":\"https:\\\/\\\/erickpereira.com\\\/index.php\\\/news\\\/entrevista-sobre-eleicoes-2022-com-o-especialista-dr-erick-pereira\\\/#primaryimage\"},\"thumbnailUrl\":\"https:\\\/\\\/erickpereira.com\\\/wp-content\\\/uploads\\\/2021\\\/10\\\/Captura-de-tela-de-2021-10-11-16-16-58.png\",\"datePublished\":\"2021-10-11T19:20:22+00:00\",\"dateModified\":\"2021-10-11T19:20:23+00:00\",\"breadcrumb\":{\"@id\":\"https:\\\/\\\/erickpereira.com\\\/index.php\\\/news\\\/entrevista-sobre-eleicoes-2022-com-o-especialista-dr-erick-pereira\\\/#breadcrumb\"},\"inLanguage\":\"pt-BR\",\"potentialAction\":[{\"@type\":\"ReadAction\",\"target\":[\"https:\\\/\\\/erickpereira.com\\\/index.php\\\/news\\\/entrevista-sobre-eleicoes-2022-com-o-especialista-dr-erick-pereira\\\/\"]}]},{\"@type\":\"ImageObject\",\"inLanguage\":\"pt-BR\",\"@id\":\"https:\\\/\\\/erickpereira.com\\\/index.php\\\/news\\\/entrevista-sobre-eleicoes-2022-com-o-especialista-dr-erick-pereira\\\/#primaryimage\",\"url\":\"https:\\\/\\\/erickpereira.com\\\/wp-content\\\/uploads\\\/2021\\\/10\\\/Captura-de-tela-de-2021-10-11-16-16-58.png\",\"contentUrl\":\"https:\\\/\\\/erickpereira.com\\\/wp-content\\\/uploads\\\/2021\\\/10\\\/Captura-de-tela-de-2021-10-11-16-16-58.png\",\"width\":996,\"height\":556},{\"@type\":\"BreadcrumbList\",\"@id\":\"https:\\\/\\\/erickpereira.com\\\/index.php\\\/news\\\/entrevista-sobre-eleicoes-2022-com-o-especialista-dr-erick-pereira\\\/#breadcrumb\",\"itemListElement\":[{\"@type\":\"ListItem\",\"position\":1,\"name\":\"In\u00edcio\",\"item\":\"https:\\\/\\\/erickpereira.com\\\/\"},{\"@type\":\"ListItem\",\"position\":2,\"name\":\"Not\u00edcias\",\"item\":\"https:\\\/\\\/erickpereira.com\\\/index.php\\\/news\\\/\"},{\"@type\":\"ListItem\",\"position\":3,\"name\":\"Entrevista sobre elei\u00e7\u00f5es 2022 com o especialista Dr Erick Pereira\"}]},{\"@type\":\"WebSite\",\"@id\":\"https:\\\/\\\/erickpereira.com\\\/#website\",\"url\":\"https:\\\/\\\/erickpereira.com\\\/\",\"name\":\"Erick Pereira Advogados\",\"description\":\"Escrit\u00f3rio de Advocacia em Natal, Bras\u00edlia e S\u00e3o Paulo com s\u00f3lida reputa\u00e7\u00e3o em Direito Administrativo, Eleitoral, Penal e Trabalhista.\",\"potentialAction\":[{\"@type\":\"SearchAction\",\"target\":{\"@type\":\"EntryPoint\",\"urlTemplate\":\"https:\\\/\\\/erickpereira.com\\\/?s={search_term_string}\"},\"query-input\":{\"@type\":\"PropertyValueSpecification\",\"valueRequired\":true,\"valueName\":\"search_term_string\"}}],\"inLanguage\":\"pt-BR\"}]}<\/script>\n<!-- \/ Yoast SEO plugin. -->","yoast_head_json":{"title":"Entrevista sobre elei\u00e7\u00f5es 2022 com o especialista Dr Erick Pereira - Erick Pereira Advogados","robots":{"index":"index","follow":"follow","max-snippet":"max-snippet:-1","max-image-preview":"max-image-preview:large","max-video-preview":"max-video-preview:-1"},"canonical":"https:\/\/erickpereira.com\/index.php\/news\/entrevista-sobre-eleicoes-2022-com-o-especialista-dr-erick-pereira\/","og_locale":"pt_BR","og_type":"article","og_title":"Entrevista sobre elei\u00e7\u00f5es 2022 com o especialista Dr Erick Pereira - Erick Pereira Advogados","og_description":"Mat\u00e9ria reproduzida de: Globo &#8211; Por RN TV 2\u00aa Edi\u00e7\u00e3o Entrevista com o especialista em direito eleitoral, Dr. Erick Pereira. Assista aqui.","og_url":"https:\/\/erickpereira.com\/index.php\/news\/entrevista-sobre-eleicoes-2022-com-o-especialista-dr-erick-pereira\/","og_site_name":"Erick Pereira Advogados","article_modified_time":"2021-10-11T19:20:23+00:00","og_image":[{"width":996,"height":556,"url":"https:\/\/erickpereira.com\/wp-content\/uploads\/2021\/10\/Captura-de-tela-de-2021-10-11-16-16-58.png","type":"image\/png"}],"twitter_card":"summary_large_image","schema":{"@context":"https:\/\/schema.org","@graph":[{"@type":"WebPage","@id":"https:\/\/erickpereira.com\/index.php\/news\/entrevista-sobre-eleicoes-2022-com-o-especialista-dr-erick-pereira\/","url":"https:\/\/erickpereira.com\/index.php\/news\/entrevista-sobre-eleicoes-2022-com-o-especialista-dr-erick-pereira\/","name":"Entrevista sobre elei\u00e7\u00f5es 2022 com o especialista Dr Erick Pereira - Erick Pereira Advogados","isPartOf":{"@id":"https:\/\/erickpereira.com\/#website"},"primaryImageOfPage":{"@id":"https:\/\/erickpereira.com\/index.php\/news\/entrevista-sobre-eleicoes-2022-com-o-especialista-dr-erick-pereira\/#primaryimage"},"image":{"@id":"https:\/\/erickpereira.com\/index.php\/news\/entrevista-sobre-eleicoes-2022-com-o-especialista-dr-erick-pereira\/#primaryimage"},"thumbnailUrl":"https:\/\/erickpereira.com\/wp-content\/uploads\/2021\/10\/Captura-de-tela-de-2021-10-11-16-16-58.png","datePublished":"2021-10-11T19:20:22+00:00","dateModified":"2021-10-11T19:20:23+00:00","breadcrumb":{"@id":"https:\/\/erickpereira.com\/index.php\/news\/entrevista-sobre-eleicoes-2022-com-o-especialista-dr-erick-pereira\/#breadcrumb"},"inLanguage":"pt-BR","potentialAction":[{"@type":"ReadAction","target":["https:\/\/erickpereira.com\/index.php\/news\/entrevista-sobre-eleicoes-2022-com-o-especialista-dr-erick-pereira\/"]}]},{"@type":"ImageObject","inLanguage":"pt-BR","@id":"https:\/\/erickpereira.com\/index.php\/news\/entrevista-sobre-eleicoes-2022-com-o-especialista-dr-erick-pereira\/#primaryimage","url":"https:\/\/erickpereira.com\/wp-content\/uploads\/2021\/10\/Captura-de-tela-de-2021-10-11-16-16-58.png","contentUrl":"https:\/\/erickpereira.com\/wp-content\/uploads\/2021\/10\/Captura-de-tela-de-2021-10-11-16-16-58.png","width":996,"height":556},{"@type":"BreadcrumbList","@id":"https:\/\/erickpereira.com\/index.php\/news\/entrevista-sobre-eleicoes-2022-com-o-especialista-dr-erick-pereira\/#breadcrumb","itemListElement":[{"@type":"ListItem","position":1,"name":"In\u00edcio","item":"https:\/\/erickpereira.com\/"},{"@type":"ListItem","position":2,"name":"Not\u00edcias","item":"https:\/\/erickpereira.com\/index.php\/news\/"},{"@type":"ListItem","position":3,"name":"Entrevista sobre elei\u00e7\u00f5es 2022 com o especialista Dr Erick Pereira"}]},{"@type":"WebSite","@id":"https:\/\/erickpereira.com\/#website","url":"https:\/\/erickpereira.com\/","name":"Erick Pereira Advogados","description":"Escrit\u00f3rio de Advocacia em Natal, Bras\u00edlia e S\u00e3o Paulo com s\u00f3lida reputa\u00e7\u00e3o em Direito Administrativo, Eleitoral, Penal e Trabalhista.","potentialAction":[{"@type":"SearchAction","target":{"@type":"EntryPoint","urlTemplate":"https:\/\/erickpereira.com\/?s={search_term_string}"},"query-input":{"@type":"PropertyValueSpecification","valueRequired":true,"valueName":"search_term_string"}}],"inLanguage":"pt-BR"}]}},"_links":{"self":[{"href":"https:\/\/erickpereira.com\/index.php\/wp-json\/wp\/v2\/news\/490","targetHints":{"allow":["GET"]}}],"collection":[{"href":"https:\/\/erickpereira.com\/index.php\/wp-json\/wp\/v2\/news"}],"about":[{"href":"https:\/\/erickpereira.com\/index.php\/wp-json\/wp\/v2\/types\/news"}],"wp:featuredmedia":[{"embeddable":true,"href":"https:\/\/erickpereira.com\/index.php\/wp-json\/wp\/v2\/media\/491"}],"wp:attachment":[{"href":"https:\/\/erickpereira.com\/index.php\/wp-json\/wp\/v2\/media?parent=490"}],"curies":[{"name":"wp","href":"https:\/\/api.w.org\/{rel}","templated":true}]}}