{"id":492,"date":"2021-10-13T20:30:49","date_gmt":"2021-10-13T20:30:49","guid":{"rendered":"https:\/\/erickpereira.com\/?post_type=news&#038;p=492"},"modified":"2021-10-13T20:31:09","modified_gmt":"2021-10-13T20:31:09","slug":"justica-confirma-mentiras-nas-delacoes-da-jbs-e-empresa-e-condenada","status":"publish","type":"news","link":"https:\/\/erickpereira.com\/index.php\/news\/justica-confirma-mentiras-nas-delacoes-da-jbs-e-empresa-e-condenada\/","title":{"rendered":"Justi\u00e7a confirma mentiras nas dela\u00e7\u00f5es da JBS e empresa \u00e9 condenada"},"content":{"rendered":"\n<p><strong><em>Mat\u00e9ria reproduzida de: Juri News &#8211; Por Reda\u00e7\u00e3o Juri News<\/em><\/strong><\/p>\n\n\n\n<p>Com o reconhecimento por senten\u00e7a judicial ap\u00f3s ampla produ\u00e7\u00e3o de provas, inclusive testemunhais, da exist\u00eancia de mentiras quando das dela\u00e7\u00f5es dos empres\u00e1rios da JBS perante o Supremo Tribunal Federal (STF), o Poder Judici\u00e1rio brasileiro valorou que as provas produzidas sob o crivo do Judici\u00e1rio atestam que os empres\u00e1rios falsearam a verdade para se beneficiar do acordo de dela\u00e7\u00e3o, fazendo surgir um fato novo que pode rediscutir mais uma rescis\u00e3o dos acordos de colabora\u00e7\u00e3o da empresa, cuja an\u00e1lise caber\u00e1 ao ministro Edson Fachin.<\/p>\n\n\n\n<p>Na \u00faltima quinta-feira (7), a JBS foi condenada a indenizar em R$ 142 mil reais o advogado <strong>Erick Pereira<\/strong>, em decorr\u00eancia de acusa\u00e7\u00f5es falsas feitas contra ele nas dela\u00e7\u00f5es premiadas dos empres\u00e1rios Ricardo Saud, Francisco de Assis e Joesley Batista.<\/p>\n\n\n\n<p>A senten\u00e7a, proferida pela 16\u00aa Vara C\u00edvel da Comarca de Natal, deu raz\u00e3o ao advogado, que prestou servi\u00e7os nas \u00e1reas c\u00edvel e trabalhista para a JBS e foi inclu\u00eddo na dela\u00e7\u00e3o como se n\u00e3o tivesse executado os trabalhos.<\/p>\n\n\n\n<p>A decis\u00e3o afirma que \u201cn\u00e3o haveria que se falar em ilicitude relacionada com os servi\u00e7os, especialmente considerando a qualifica\u00e7\u00e3o dos autores para tanto e os elementos que atestam a efetiva an\u00e1lise jur\u00eddica dos processos das r\u00e9s\u201d.<\/p>\n\n\n\n<p>Wesley e Joesley Batista e o ent\u00e3o executivo da JBS, Ricardo Saud, firmaram acordo com o Minist\u00e9rio P\u00fablico para tentar obter benef\u00edcios no cumprimento de pena pelos crimes que confessaram. Nos depoimentos, disseram que usaram 100 escrit\u00f3rios de advocacia para ocultar caixa 2, mas nunca apresentaram provas do que afirmaram.<\/p>\n\n\n\n<p>Segundo advogados criminalistas ouvidos pela JuriNews, essa declara\u00e7\u00e3o judicial, por si s\u00f3, \u00e9 suficiente para reabrir a possiblidade de rescis\u00e3o das dela\u00e7\u00f5es feitas pelos empres\u00e1rios.<\/p>\n","protected":false},"featured_media":493,"parent":0,"template":"","class_list":["post-492","news","type-news","status-publish","has-post-thumbnail","hentry"],"acf":[],"yoast_head":"<!-- This site is optimized with the Yoast SEO plugin v27.5 - https:\/\/yoast.com\/product\/yoast-seo-wordpress\/ -->\n<title>Justi\u00e7a confirma mentiras nas dela\u00e7\u00f5es da JBS e empresa \u00e9 condenada - Erick Pereira Advogados<\/title>\n<meta name=\"robots\" content=\"index, follow, max-snippet:-1, max-image-preview:large, max-video-preview:-1\" \/>\n<link rel=\"canonical\" href=\"https:\/\/erickpereira.com\/index.php\/news\/justica-confirma-mentiras-nas-delacoes-da-jbs-e-empresa-e-condenada\/\" \/>\n<meta property=\"og:locale\" content=\"pt_BR\" \/>\n<meta property=\"og:type\" content=\"article\" \/>\n<meta property=\"og:title\" content=\"Justi\u00e7a confirma mentiras nas dela\u00e7\u00f5es da JBS e empresa \u00e9 condenada - Erick Pereira Advogados\" \/>\n<meta property=\"og:description\" content=\"Mat\u00e9ria reproduzida de: Juri News &#8211; Por Reda\u00e7\u00e3o Juri News Com o reconhecimento por senten\u00e7a judicial ap\u00f3s ampla produ\u00e7\u00e3o de provas, inclusive testemunhais, da exist\u00eancia de mentiras quando das dela\u00e7\u00f5es dos empres\u00e1rios da JBS perante o Supremo Tribunal Federal (STF), o Poder Judici\u00e1rio brasileiro valorou que as provas produzidas sob o crivo do Judici\u00e1rio atestam [&hellip;]\" \/>\n<meta property=\"og:url\" content=\"https:\/\/erickpereira.com\/index.php\/news\/justica-confirma-mentiras-nas-delacoes-da-jbs-e-empresa-e-condenada\/\" \/>\n<meta property=\"og:site_name\" content=\"Erick Pereira Advogados\" \/>\n<meta property=\"article:modified_time\" content=\"2021-10-13T20:31:09+00:00\" \/>\n<meta property=\"og:image\" content=\"https:\/\/erickpereira.com\/wp-content\/uploads\/2021\/10\/jbs.jpg\" \/>\n\t<meta property=\"og:image:width\" content=\"550\" \/>\n\t<meta property=\"og:image:height\" content=\"351\" \/>\n\t<meta property=\"og:image:type\" content=\"image\/jpeg\" \/>\n<meta name=\"twitter:card\" content=\"summary_large_image\" \/>\n<meta name=\"twitter:label1\" content=\"Est. tempo de leitura\" \/>\n\t<meta name=\"twitter:data1\" content=\"2 minutos\" \/>\n<script type=\"application\/ld+json\" class=\"yoast-schema-graph\">{\"@context\":\"https:\\\/\\\/schema.org\",\"@graph\":[{\"@type\":\"WebPage\",\"@id\":\"https:\\\/\\\/erickpereira.com\\\/index.php\\\/news\\\/justica-confirma-mentiras-nas-delacoes-da-jbs-e-empresa-e-condenada\\\/\",\"url\":\"https:\\\/\\\/erickpereira.com\\\/index.php\\\/news\\\/justica-confirma-mentiras-nas-delacoes-da-jbs-e-empresa-e-condenada\\\/\",\"name\":\"Justi\u00e7a confirma mentiras nas dela\u00e7\u00f5es da JBS e empresa \u00e9 condenada - Erick Pereira Advogados\",\"isPartOf\":{\"@id\":\"https:\\\/\\\/erickpereira.com\\\/#website\"},\"primaryImageOfPage\":{\"@id\":\"https:\\\/\\\/erickpereira.com\\\/index.php\\\/news\\\/justica-confirma-mentiras-nas-delacoes-da-jbs-e-empresa-e-condenada\\\/#primaryimage\"},\"image\":{\"@id\":\"https:\\\/\\\/erickpereira.com\\\/index.php\\\/news\\\/justica-confirma-mentiras-nas-delacoes-da-jbs-e-empresa-e-condenada\\\/#primaryimage\"},\"thumbnailUrl\":\"https:\\\/\\\/erickpereira.com\\\/wp-content\\\/uploads\\\/2021\\\/10\\\/jbs.jpg\",\"datePublished\":\"2021-10-13T20:30:49+00:00\",\"dateModified\":\"2021-10-13T20:31:09+00:00\",\"breadcrumb\":{\"@id\":\"https:\\\/\\\/erickpereira.com\\\/index.php\\\/news\\\/justica-confirma-mentiras-nas-delacoes-da-jbs-e-empresa-e-condenada\\\/#breadcrumb\"},\"inLanguage\":\"pt-BR\",\"potentialAction\":[{\"@type\":\"ReadAction\",\"target\":[\"https:\\\/\\\/erickpereira.com\\\/index.php\\\/news\\\/justica-confirma-mentiras-nas-delacoes-da-jbs-e-empresa-e-condenada\\\/\"]}]},{\"@type\":\"ImageObject\",\"inLanguage\":\"pt-BR\",\"@id\":\"https:\\\/\\\/erickpereira.com\\\/index.php\\\/news\\\/justica-confirma-mentiras-nas-delacoes-da-jbs-e-empresa-e-condenada\\\/#primaryimage\",\"url\":\"https:\\\/\\\/erickpereira.com\\\/wp-content\\\/uploads\\\/2021\\\/10\\\/jbs.jpg\",\"contentUrl\":\"https:\\\/\\\/erickpereira.com\\\/wp-content\\\/uploads\\\/2021\\\/10\\\/jbs.jpg\",\"width\":550,\"height\":351},{\"@type\":\"BreadcrumbList\",\"@id\":\"https:\\\/\\\/erickpereira.com\\\/index.php\\\/news\\\/justica-confirma-mentiras-nas-delacoes-da-jbs-e-empresa-e-condenada\\\/#breadcrumb\",\"itemListElement\":[{\"@type\":\"ListItem\",\"position\":1,\"name\":\"In\u00edcio\",\"item\":\"https:\\\/\\\/erickpereira.com\\\/\"},{\"@type\":\"ListItem\",\"position\":2,\"name\":\"Not\u00edcias\",\"item\":\"https:\\\/\\\/erickpereira.com\\\/index.php\\\/news\\\/\"},{\"@type\":\"ListItem\",\"position\":3,\"name\":\"Justi\u00e7a confirma mentiras nas dela\u00e7\u00f5es da JBS e empresa \u00e9 condenada\"}]},{\"@type\":\"WebSite\",\"@id\":\"https:\\\/\\\/erickpereira.com\\\/#website\",\"url\":\"https:\\\/\\\/erickpereira.com\\\/\",\"name\":\"Erick Pereira Advogados\",\"description\":\"Escrit\u00f3rio de Advocacia em Natal, Bras\u00edlia e S\u00e3o Paulo com s\u00f3lida reputa\u00e7\u00e3o em Direito Administrativo, Eleitoral, Penal e Trabalhista.\",\"potentialAction\":[{\"@type\":\"SearchAction\",\"target\":{\"@type\":\"EntryPoint\",\"urlTemplate\":\"https:\\\/\\\/erickpereira.com\\\/?s={search_term_string}\"},\"query-input\":{\"@type\":\"PropertyValueSpecification\",\"valueRequired\":true,\"valueName\":\"search_term_string\"}}],\"inLanguage\":\"pt-BR\"}]}<\/script>\n<!-- \/ Yoast SEO plugin. -->","yoast_head_json":{"title":"Justi\u00e7a confirma mentiras nas dela\u00e7\u00f5es da JBS e empresa \u00e9 condenada - Erick Pereira Advogados","robots":{"index":"index","follow":"follow","max-snippet":"max-snippet:-1","max-image-preview":"max-image-preview:large","max-video-preview":"max-video-preview:-1"},"canonical":"https:\/\/erickpereira.com\/index.php\/news\/justica-confirma-mentiras-nas-delacoes-da-jbs-e-empresa-e-condenada\/","og_locale":"pt_BR","og_type":"article","og_title":"Justi\u00e7a confirma mentiras nas dela\u00e7\u00f5es da JBS e empresa \u00e9 condenada - Erick Pereira Advogados","og_description":"Mat\u00e9ria reproduzida de: Juri News &#8211; Por Reda\u00e7\u00e3o Juri News Com o reconhecimento por senten\u00e7a judicial ap\u00f3s ampla produ\u00e7\u00e3o de provas, inclusive testemunhais, da exist\u00eancia de mentiras quando das dela\u00e7\u00f5es dos empres\u00e1rios da JBS perante o Supremo Tribunal Federal (STF), o Poder Judici\u00e1rio brasileiro valorou que as provas produzidas sob o crivo do Judici\u00e1rio atestam [&hellip;]","og_url":"https:\/\/erickpereira.com\/index.php\/news\/justica-confirma-mentiras-nas-delacoes-da-jbs-e-empresa-e-condenada\/","og_site_name":"Erick Pereira Advogados","article_modified_time":"2021-10-13T20:31:09+00:00","og_image":[{"width":550,"height":351,"url":"https:\/\/erickpereira.com\/wp-content\/uploads\/2021\/10\/jbs.jpg","type":"image\/jpeg"}],"twitter_card":"summary_large_image","twitter_misc":{"Est. tempo de leitura":"2 minutos"},"schema":{"@context":"https:\/\/schema.org","@graph":[{"@type":"WebPage","@id":"https:\/\/erickpereira.com\/index.php\/news\/justica-confirma-mentiras-nas-delacoes-da-jbs-e-empresa-e-condenada\/","url":"https:\/\/erickpereira.com\/index.php\/news\/justica-confirma-mentiras-nas-delacoes-da-jbs-e-empresa-e-condenada\/","name":"Justi\u00e7a confirma mentiras nas dela\u00e7\u00f5es da JBS e empresa \u00e9 condenada - Erick Pereira Advogados","isPartOf":{"@id":"https:\/\/erickpereira.com\/#website"},"primaryImageOfPage":{"@id":"https:\/\/erickpereira.com\/index.php\/news\/justica-confirma-mentiras-nas-delacoes-da-jbs-e-empresa-e-condenada\/#primaryimage"},"image":{"@id":"https:\/\/erickpereira.com\/index.php\/news\/justica-confirma-mentiras-nas-delacoes-da-jbs-e-empresa-e-condenada\/#primaryimage"},"thumbnailUrl":"https:\/\/erickpereira.com\/wp-content\/uploads\/2021\/10\/jbs.jpg","datePublished":"2021-10-13T20:30:49+00:00","dateModified":"2021-10-13T20:31:09+00:00","breadcrumb":{"@id":"https:\/\/erickpereira.com\/index.php\/news\/justica-confirma-mentiras-nas-delacoes-da-jbs-e-empresa-e-condenada\/#breadcrumb"},"inLanguage":"pt-BR","potentialAction":[{"@type":"ReadAction","target":["https:\/\/erickpereira.com\/index.php\/news\/justica-confirma-mentiras-nas-delacoes-da-jbs-e-empresa-e-condenada\/"]}]},{"@type":"ImageObject","inLanguage":"pt-BR","@id":"https:\/\/erickpereira.com\/index.php\/news\/justica-confirma-mentiras-nas-delacoes-da-jbs-e-empresa-e-condenada\/#primaryimage","url":"https:\/\/erickpereira.com\/wp-content\/uploads\/2021\/10\/jbs.jpg","contentUrl":"https:\/\/erickpereira.com\/wp-content\/uploads\/2021\/10\/jbs.jpg","width":550,"height":351},{"@type":"BreadcrumbList","@id":"https:\/\/erickpereira.com\/index.php\/news\/justica-confirma-mentiras-nas-delacoes-da-jbs-e-empresa-e-condenada\/#breadcrumb","itemListElement":[{"@type":"ListItem","position":1,"name":"In\u00edcio","item":"https:\/\/erickpereira.com\/"},{"@type":"ListItem","position":2,"name":"Not\u00edcias","item":"https:\/\/erickpereira.com\/index.php\/news\/"},{"@type":"ListItem","position":3,"name":"Justi\u00e7a confirma mentiras nas dela\u00e7\u00f5es da JBS e empresa \u00e9 condenada"}]},{"@type":"WebSite","@id":"https:\/\/erickpereira.com\/#website","url":"https:\/\/erickpereira.com\/","name":"Erick Pereira Advogados","description":"Escrit\u00f3rio de Advocacia em Natal, Bras\u00edlia e S\u00e3o Paulo com s\u00f3lida reputa\u00e7\u00e3o em Direito Administrativo, Eleitoral, Penal e Trabalhista.","potentialAction":[{"@type":"SearchAction","target":{"@type":"EntryPoint","urlTemplate":"https:\/\/erickpereira.com\/?s={search_term_string}"},"query-input":{"@type":"PropertyValueSpecification","valueRequired":true,"valueName":"search_term_string"}}],"inLanguage":"pt-BR"}]}},"_links":{"self":[{"href":"https:\/\/erickpereira.com\/index.php\/wp-json\/wp\/v2\/news\/492","targetHints":{"allow":["GET"]}}],"collection":[{"href":"https:\/\/erickpereira.com\/index.php\/wp-json\/wp\/v2\/news"}],"about":[{"href":"https:\/\/erickpereira.com\/index.php\/wp-json\/wp\/v2\/types\/news"}],"wp:featuredmedia":[{"embeddable":true,"href":"https:\/\/erickpereira.com\/index.php\/wp-json\/wp\/v2\/media\/493"}],"wp:attachment":[{"href":"https:\/\/erickpereira.com\/index.php\/wp-json\/wp\/v2\/media?parent=492"}],"curies":[{"name":"wp","href":"https:\/\/api.w.org\/{rel}","templated":true}]}}