{"id":495,"date":"2021-10-22T20:37:29","date_gmt":"2021-10-22T20:37:29","guid":{"rendered":"https:\/\/erickpereira.com\/?post_type=news&#038;p=495"},"modified":"2021-10-22T20:43:54","modified_gmt":"2021-10-22T20:43:54","slug":"folha-destaca-condenacao-da-jbs-a-indenizar-erick-pereira","status":"publish","type":"news","link":"https:\/\/erickpereira.com\/index.php\/news\/folha-destaca-condenacao-da-jbs-a-indenizar-erick-pereira\/","title":{"rendered":"Folha destaca condena\u00e7\u00e3o da JBS a indenizar Erick Pereira"},"content":{"rendered":"\n<p><strong><em>Mat\u00e9ria reproduzida de: Folha de S\u00e3o Paulo &#8211; Por M\u00f4nica Bergamo<\/em><\/strong><\/p>\n\n\n\n<p>A coluna da jornalista M\u00f4nica Bergamo, da Folha de S.Paulo, destacou nas edi\u00e7\u00f5es impressa e online desta 6\u00aa feira (8\/10), a decis\u00e3o judicial que determinou \u00e0 JBS pagar danos morais e materiais ao advogado Erick Pereira por inclu\u00ed-lo de forma indevida em sua tentativa de dela\u00e7\u00e3o premiada.<\/p>\n\n\n\n<p>\u201cA Justi\u00e7a, no entanto, afirma que recibos, notas, emails e outros elementos desmentem a acusa\u00e7\u00e3o\u201d, observou a coluna.<\/p>\n\n\n\n<p>O jornal ainda destacou trecho da decis\u00e3o que afirma que \u201crestou evidenciada a conduta dolosa do preposto das r\u00e9s ao imputar aos autores supostas pr\u00e1ticas criminosas em detrimento da efetiva presta\u00e7\u00e3o de servi\u00e7os advocat\u00edcios, o que culminou na produ\u00e7\u00e3o de not\u00edcias inver\u00eddicas e dotadas de informa\u00e7\u00f5es desvirtuadas a respeito da rela\u00e7\u00e3o existente entre as partes&#8221;.<\/p>\n\n\n\n<p>Leia a \u00edntegra da not\u00edcia publicada na coluna de M\u00f4nica Bergamo, na Folha de S.Paulo: <a href=\"https:\/\/www1.folha.uol.com.br\/colunas\/monicabergamo\/2021\/10\/justica-determina-que-jbs-pague-r-142-mil-a-advogado-citado-em-delacao-premiada.shtml\" target=\"_blank\" rel=\"noreferrer noopener\" aria-label=\"https:\/\/www1.folha.uol.com.br\/colunas\/monicabergamo\/2021\/10\/justica-determina-que-jbs-pague-r-142-mil-a-advogado-citado-em-delacao-premiada.shtml (abre numa nova aba)\">https:\/\/www1.folha.uol.com.br\/colunas\/monicabergamo\/2021\/10\/justica-determina-que-jbs-pague-r-142-mil-a-advogado-citado-em-delacao-premiada.shtml<\/a><\/p>\n","protected":false},"featured_media":497,"parent":0,"template":"","class_list":["post-495","news","type-news","status-publish","has-post-thumbnail","hentry"],"acf":[],"yoast_head":"<!-- This site is optimized with the Yoast SEO plugin v27.4 - https:\/\/yoast.com\/product\/yoast-seo-wordpress\/ -->\n<title>Folha destaca condena\u00e7\u00e3o da JBS a indenizar Erick Pereira - Erick Pereira Advogados<\/title>\n<meta name=\"robots\" content=\"index, follow, max-snippet:-1, max-image-preview:large, max-video-preview:-1\" \/>\n<link rel=\"canonical\" href=\"https:\/\/erickpereira.com\/index.php\/news\/folha-destaca-condenacao-da-jbs-a-indenizar-erick-pereira\/\" \/>\n<meta property=\"og:locale\" content=\"pt_BR\" \/>\n<meta property=\"og:type\" content=\"article\" \/>\n<meta property=\"og:title\" content=\"Folha destaca condena\u00e7\u00e3o da JBS a indenizar Erick Pereira - Erick Pereira Advogados\" \/>\n<meta property=\"og:description\" content=\"Mat\u00e9ria reproduzida de: Folha de S\u00e3o Paulo &#8211; Por M\u00f4nica Bergamo A coluna da jornalista M\u00f4nica Bergamo, da Folha de S.Paulo, destacou nas edi\u00e7\u00f5es impressa e online desta 6\u00aa feira (8\/10), a decis\u00e3o judicial que determinou \u00e0 JBS pagar danos morais e materiais ao advogado Erick Pereira por inclu\u00ed-lo de forma indevida em sua tentativa [&hellip;]\" \/>\n<meta property=\"og:url\" content=\"https:\/\/erickpereira.com\/index.php\/news\/folha-destaca-condenacao-da-jbs-a-indenizar-erick-pereira\/\" \/>\n<meta property=\"og:site_name\" content=\"Erick Pereira Advogados\" \/>\n<meta property=\"article:modified_time\" content=\"2021-10-22T20:43:54+00:00\" \/>\n<meta property=\"og:image\" content=\"https:\/\/erickpereira.com\/wp-content\/uploads\/2021\/10\/noticia-monica-bergamo-convertido.jpg\" \/>\n\t<meta property=\"og:image:width\" content=\"627\" \/>\n\t<meta property=\"og:image:height\" content=\"1325\" \/>\n\t<meta property=\"og:image:type\" content=\"image\/jpeg\" \/>\n<meta name=\"twitter:card\" content=\"summary_large_image\" \/>\n<meta name=\"twitter:label1\" content=\"Est. tempo de leitura\" \/>\n\t<meta name=\"twitter:data1\" content=\"1 minuto\" \/>\n<script type=\"application\/ld+json\" class=\"yoast-schema-graph\">{\"@context\":\"https:\\\/\\\/schema.org\",\"@graph\":[{\"@type\":\"WebPage\",\"@id\":\"https:\\\/\\\/erickpereira.com\\\/index.php\\\/news\\\/folha-destaca-condenacao-da-jbs-a-indenizar-erick-pereira\\\/\",\"url\":\"https:\\\/\\\/erickpereira.com\\\/index.php\\\/news\\\/folha-destaca-condenacao-da-jbs-a-indenizar-erick-pereira\\\/\",\"name\":\"Folha destaca condena\u00e7\u00e3o da JBS a indenizar Erick Pereira - Erick Pereira Advogados\",\"isPartOf\":{\"@id\":\"https:\\\/\\\/erickpereira.com\\\/#website\"},\"primaryImageOfPage\":{\"@id\":\"https:\\\/\\\/erickpereira.com\\\/index.php\\\/news\\\/folha-destaca-condenacao-da-jbs-a-indenizar-erick-pereira\\\/#primaryimage\"},\"image\":{\"@id\":\"https:\\\/\\\/erickpereira.com\\\/index.php\\\/news\\\/folha-destaca-condenacao-da-jbs-a-indenizar-erick-pereira\\\/#primaryimage\"},\"thumbnailUrl\":\"https:\\\/\\\/erickpereira.com\\\/wp-content\\\/uploads\\\/2021\\\/10\\\/noticia-monica-bergamo-convertido.jpg\",\"datePublished\":\"2021-10-22T20:37:29+00:00\",\"dateModified\":\"2021-10-22T20:43:54+00:00\",\"breadcrumb\":{\"@id\":\"https:\\\/\\\/erickpereira.com\\\/index.php\\\/news\\\/folha-destaca-condenacao-da-jbs-a-indenizar-erick-pereira\\\/#breadcrumb\"},\"inLanguage\":\"pt-BR\",\"potentialAction\":[{\"@type\":\"ReadAction\",\"target\":[\"https:\\\/\\\/erickpereira.com\\\/index.php\\\/news\\\/folha-destaca-condenacao-da-jbs-a-indenizar-erick-pereira\\\/\"]}]},{\"@type\":\"ImageObject\",\"inLanguage\":\"pt-BR\",\"@id\":\"https:\\\/\\\/erickpereira.com\\\/index.php\\\/news\\\/folha-destaca-condenacao-da-jbs-a-indenizar-erick-pereira\\\/#primaryimage\",\"url\":\"https:\\\/\\\/erickpereira.com\\\/wp-content\\\/uploads\\\/2021\\\/10\\\/noticia-monica-bergamo-convertido.jpg\",\"contentUrl\":\"https:\\\/\\\/erickpereira.com\\\/wp-content\\\/uploads\\\/2021\\\/10\\\/noticia-monica-bergamo-convertido.jpg\",\"width\":627,\"height\":1325},{\"@type\":\"BreadcrumbList\",\"@id\":\"https:\\\/\\\/erickpereira.com\\\/index.php\\\/news\\\/folha-destaca-condenacao-da-jbs-a-indenizar-erick-pereira\\\/#breadcrumb\",\"itemListElement\":[{\"@type\":\"ListItem\",\"position\":1,\"name\":\"In\u00edcio\",\"item\":\"https:\\\/\\\/erickpereira.com\\\/\"},{\"@type\":\"ListItem\",\"position\":2,\"name\":\"Not\u00edcias\",\"item\":\"https:\\\/\\\/erickpereira.com\\\/index.php\\\/news\\\/\"},{\"@type\":\"ListItem\",\"position\":3,\"name\":\"Folha destaca condena\u00e7\u00e3o da JBS a indenizar Erick Pereira\"}]},{\"@type\":\"WebSite\",\"@id\":\"https:\\\/\\\/erickpereira.com\\\/#website\",\"url\":\"https:\\\/\\\/erickpereira.com\\\/\",\"name\":\"Erick Pereira Advogados\",\"description\":\"Escrit\u00f3rio de Advocacia em Natal, Bras\u00edlia e S\u00e3o Paulo com s\u00f3lida reputa\u00e7\u00e3o em Direito Administrativo, Eleitoral, Penal e Trabalhista.\",\"potentialAction\":[{\"@type\":\"SearchAction\",\"target\":{\"@type\":\"EntryPoint\",\"urlTemplate\":\"https:\\\/\\\/erickpereira.com\\\/?s={search_term_string}\"},\"query-input\":{\"@type\":\"PropertyValueSpecification\",\"valueRequired\":true,\"valueName\":\"search_term_string\"}}],\"inLanguage\":\"pt-BR\"}]}<\/script>\n<!-- \/ Yoast SEO plugin. -->","yoast_head_json":{"title":"Folha destaca condena\u00e7\u00e3o da JBS a indenizar Erick Pereira - Erick Pereira Advogados","robots":{"index":"index","follow":"follow","max-snippet":"max-snippet:-1","max-image-preview":"max-image-preview:large","max-video-preview":"max-video-preview:-1"},"canonical":"https:\/\/erickpereira.com\/index.php\/news\/folha-destaca-condenacao-da-jbs-a-indenizar-erick-pereira\/","og_locale":"pt_BR","og_type":"article","og_title":"Folha destaca condena\u00e7\u00e3o da JBS a indenizar Erick Pereira - Erick Pereira Advogados","og_description":"Mat\u00e9ria reproduzida de: Folha de S\u00e3o Paulo &#8211; Por M\u00f4nica Bergamo A coluna da jornalista M\u00f4nica Bergamo, da Folha de S.Paulo, destacou nas edi\u00e7\u00f5es impressa e online desta 6\u00aa feira (8\/10), a decis\u00e3o judicial que determinou \u00e0 JBS pagar danos morais e materiais ao advogado Erick Pereira por inclu\u00ed-lo de forma indevida em sua tentativa [&hellip;]","og_url":"https:\/\/erickpereira.com\/index.php\/news\/folha-destaca-condenacao-da-jbs-a-indenizar-erick-pereira\/","og_site_name":"Erick Pereira Advogados","article_modified_time":"2021-10-22T20:43:54+00:00","og_image":[{"width":627,"height":1325,"url":"https:\/\/erickpereira.com\/wp-content\/uploads\/2021\/10\/noticia-monica-bergamo-convertido.jpg","type":"image\/jpeg"}],"twitter_card":"summary_large_image","twitter_misc":{"Est. tempo de leitura":"1 minuto"},"schema":{"@context":"https:\/\/schema.org","@graph":[{"@type":"WebPage","@id":"https:\/\/erickpereira.com\/index.php\/news\/folha-destaca-condenacao-da-jbs-a-indenizar-erick-pereira\/","url":"https:\/\/erickpereira.com\/index.php\/news\/folha-destaca-condenacao-da-jbs-a-indenizar-erick-pereira\/","name":"Folha destaca condena\u00e7\u00e3o da JBS a indenizar Erick Pereira - Erick Pereira Advogados","isPartOf":{"@id":"https:\/\/erickpereira.com\/#website"},"primaryImageOfPage":{"@id":"https:\/\/erickpereira.com\/index.php\/news\/folha-destaca-condenacao-da-jbs-a-indenizar-erick-pereira\/#primaryimage"},"image":{"@id":"https:\/\/erickpereira.com\/index.php\/news\/folha-destaca-condenacao-da-jbs-a-indenizar-erick-pereira\/#primaryimage"},"thumbnailUrl":"https:\/\/erickpereira.com\/wp-content\/uploads\/2021\/10\/noticia-monica-bergamo-convertido.jpg","datePublished":"2021-10-22T20:37:29+00:00","dateModified":"2021-10-22T20:43:54+00:00","breadcrumb":{"@id":"https:\/\/erickpereira.com\/index.php\/news\/folha-destaca-condenacao-da-jbs-a-indenizar-erick-pereira\/#breadcrumb"},"inLanguage":"pt-BR","potentialAction":[{"@type":"ReadAction","target":["https:\/\/erickpereira.com\/index.php\/news\/folha-destaca-condenacao-da-jbs-a-indenizar-erick-pereira\/"]}]},{"@type":"ImageObject","inLanguage":"pt-BR","@id":"https:\/\/erickpereira.com\/index.php\/news\/folha-destaca-condenacao-da-jbs-a-indenizar-erick-pereira\/#primaryimage","url":"https:\/\/erickpereira.com\/wp-content\/uploads\/2021\/10\/noticia-monica-bergamo-convertido.jpg","contentUrl":"https:\/\/erickpereira.com\/wp-content\/uploads\/2021\/10\/noticia-monica-bergamo-convertido.jpg","width":627,"height":1325},{"@type":"BreadcrumbList","@id":"https:\/\/erickpereira.com\/index.php\/news\/folha-destaca-condenacao-da-jbs-a-indenizar-erick-pereira\/#breadcrumb","itemListElement":[{"@type":"ListItem","position":1,"name":"In\u00edcio","item":"https:\/\/erickpereira.com\/"},{"@type":"ListItem","position":2,"name":"Not\u00edcias","item":"https:\/\/erickpereira.com\/index.php\/news\/"},{"@type":"ListItem","position":3,"name":"Folha destaca condena\u00e7\u00e3o da JBS a indenizar Erick Pereira"}]},{"@type":"WebSite","@id":"https:\/\/erickpereira.com\/#website","url":"https:\/\/erickpereira.com\/","name":"Erick Pereira Advogados","description":"Escrit\u00f3rio de Advocacia em Natal, Bras\u00edlia e S\u00e3o Paulo com s\u00f3lida reputa\u00e7\u00e3o em Direito Administrativo, Eleitoral, Penal e Trabalhista.","potentialAction":[{"@type":"SearchAction","target":{"@type":"EntryPoint","urlTemplate":"https:\/\/erickpereira.com\/?s={search_term_string}"},"query-input":{"@type":"PropertyValueSpecification","valueRequired":true,"valueName":"search_term_string"}}],"inLanguage":"pt-BR"}]}},"_links":{"self":[{"href":"https:\/\/erickpereira.com\/index.php\/wp-json\/wp\/v2\/news\/495","targetHints":{"allow":["GET"]}}],"collection":[{"href":"https:\/\/erickpereira.com\/index.php\/wp-json\/wp\/v2\/news"}],"about":[{"href":"https:\/\/erickpereira.com\/index.php\/wp-json\/wp\/v2\/types\/news"}],"wp:featuredmedia":[{"embeddable":true,"href":"https:\/\/erickpereira.com\/index.php\/wp-json\/wp\/v2\/media\/497"}],"wp:attachment":[{"href":"https:\/\/erickpereira.com\/index.php\/wp-json\/wp\/v2\/media?parent=495"}],"curies":[{"name":"wp","href":"https:\/\/api.w.org\/{rel}","templated":true}]}}